{"id":1430,"date":"2015-05-08T17:31:19","date_gmt":"2015-05-08T15:31:19","guid":{"rendered":"http:\/\/robertsmyka.pl\/wypadyiwyrypy\/?p=1430"},"modified":"2023-02-15T23:07:32","modified_gmt":"2023-02-15T22:07:32","slug":"kolorowe-bieszczady","status":"publish","type":"post","link":"https:\/\/robertsmyka.pl\/wypadyiwyrypy\/kolorowe-bieszczady\/","title":{"rendered":"Kolorowe Bieszczady &#8211; przez Halicz na Tarnic\u0119"},"content":{"rendered":"<h3>Bieszczady jesieni\u0105<\/h3>\n<p><strong>Bieszczady<\/strong> jesienne to jedno z marze\u0144 ka\u017cdego g\u00f3ro\u0142aza. By\u0107 tam, gdy dominuj\u0105 \u017c\u00f3\u0142cie traw, br\u0105zy buk\u00f3w okraszone czerwieni\u0105 \u00a0jagodzin i resztkami\u00a0zamieraj\u0105cej zieleni. Trafi\u0107 w TEN czas! Przecie\u017c to proste &#8211; powiesz- wystarczy pojecha\u0107 w pa\u017adzierniku. Taaak, ale gdy\u00a0nie mamy szans go\u015bci\u0107 w tym zak\u0105tku przez\u00a0ca\u0142y miesi\u0105c; gdy mamy tylko tydzie\u0144, to kiedy jecha\u0107? W polskich warunkach klimatycznych prosta zasada: &#8222;w tym samym czasie, gdy w roku ubieg\u0142ym by\u0142o kolorowo&#8221; nie dzia\u0142a. Tak ju\u017c mamy, \u017ce w tym roku to mo\u017ce by\u0107 za wcze\u015bnie lub ju\u017c za p\u00f3\u017ano. C\u00f3\u017c pozostaje, gdy nie mo\u017cesz decyzji o wyje\u017adzie podj\u0105\u0107 z dnia na dzie\u0144? &#8211; Ustali\u0107 termin kr\u00f3tkiego urlopu &#8222;na czuja&#8221; odpowiednio wcze\u015bniej i liczy\u0107 na cud natury. \ud83d\ude42<\/p>\n<p>Tak w\u0142a\u015bnie uczyni\u0142em planuj\u0105c wraz z koleg\u0105 <em>Robertem<\/em>\u00a0 bieszczadzk\u0105 w\u0119dr\u00f3wk\u0119 na pierwszy pe\u0142ny tydzie\u0144 pa\u017adziernika. Co prawda on i inni znawcy tematu obawiali si\u0119, \u017ce to nieco za wcze\u015bnie\u00a0i mo\u017ce mieli nawet racj\u0119, ale za to pogoda by\u0142a znakomita.\u00a0Ja sam do grona znawc\u00f3w \u00a0<strong>Bieszczad\u00f3w<\/strong> si\u0119 nie zaliczam, cho\u0107by dlatego, \u017ce by\u0142a to dopiero moja trzecia \u00a0po\u0142oninna wyrypa. C\u00f3\u017c, wstyd mo\u017ce si\u0119 przyzna\u0107, ale przegapi\u0142em legendarne czasy\u00a0&#8222;pierwszych zdobywc\u00f3w&#8221;, gdy po\u0142oniny \u015bwieci\u0142y pustkami, a samotny w\u0119drowiec trwo\u017cnie nas\u0142uchiwa\u0142 wycia wilk\u00f3w i ryku nied\u017awiedzi, z niepokojem patrz\u0105c\u00a0na \u015blady rysich pazur\u00f3w na plecaku. Mo\u017ce &#8222;ciut&#8221; przesadzi\u0142em, ale jak to brzmi! \u00a0\ud83d\ude09 Wiele by\u0142o przyczyn, ale istotne jest, \u017ce z racji odleg\u0142o\u015bci i&#8230;wysoko\u015bci wybra\u0142em w owym czasie <strong>Tatry<\/strong>.<\/p>\n<h4>Bieszczadzki pierwszy raz.<\/h4>\n<p>Pierwszy raz wpad\u0142em na kr\u00f3tko w <strong>Bieszczady<\/strong> podczas szkolnej, nauczycielskiej wycieczki w okolice <strong>Jeziora Soli\u0144skiego<\/strong>. By\u0142 to 1997 rok, gdy <em>Go\u0142ota<\/em> walczy\u0142 o co\u015b z kim\u015b, nieczysto. Nie mieli\u015bmy z koleg\u0105 ochoty na zwiedzanie skansenu w <strong>Sanoku,<\/strong>\u00a0wi\u0119c autobusem dotarli\u015bmy do <strong>Wetliny<\/strong>. By\u0142 pa\u017adziernik- ch\u0142odny, deszczowy, mglisty- nie mia\u0142 w sobie nic ze z\u0142otej jesieni. W\u0142a\u015bciwie to prawie nic nie zobaczy\u0142em.\u00a0Kr\u00f3tko pisz\u0105c: zgubili\u015bmy szlak, widzieli\u015bmy salamandr\u0119, dotarli\u015bmy do <strong>Chatki Puchatka<\/strong>, w ciemno\u015bciach doszli\u015bmy do <strong>Ustrzyk G\u00f3rnych<\/strong> i&#8230;tu utkn\u0119li\u015bmy. Nie mieli\u015bmy czym wr\u00f3ci\u0107 do miejsca noclegu. Ostatecznie przys\u0142ano po nas&#8230;taks\u00f3wk\u0119. Podsumowuj\u0105c: jeszcze nigdy nie kosztowa\u0142o mnie tak du\u017co ogl\u0105danie mg\u0142y. \ud83d\ude00<\/p>\n<p>Min\u0119\u0142o sporo lat, gdy ponownie nogi mnie tu przynios\u0142y. W 2011 roku by\u0142o ju\u017c lepiej &#8211; kolorowo, \u00a0chwilami pogodnie. Niestety- atak zimy wygoni\u0142 nas przedwcze\u015bnie. Za jaki\u015b czas opisz\u0119 dok\u0142adniej kr\u00f3tkie trasy z tamtego roku, teraz tylko wspomn\u0119, \u017ce zaliczy\u0142em <strong>Tarnic\u0119<\/strong>. \ud83d\ude42<\/p>\n<div id=\"221335d4-869d-4237-858c-4202cddb1523\"><\/div>\n<p><script src=\"https:\/\/service.weben1.com\/widget_221335d4-869d-4237-858c-4202cddb1523.js\"><\/script><\/p>\n<h4>Dojazd w Bieszczady.<\/h4>\n<p>Tak wspominaj\u0105c, przygotowywa\u0142em si\u0119 mentalnie na wszelkie bieszczadzkie okoliczno\u015bci przyrody. Wpierw jednak trzeba tam dojecha\u0107. \u017baden z nas nie ma samochodu( zreszt\u0105 i tak niezbyt pasuje do naszego stylu w\u0119drowania). Pozostaje komunikacja zbiorowa. Nieocenione narz\u0119dzie, jakim jest Internet, pomog\u0142o mi zakupi\u0107 promocyjne bilety na Polskiego Busa (autobus jad\u0105cy jako autobus) i InterRegiobusa ( autobus jad\u0105cy jako poci\u0105g, albo odwrotnie \ud83d\ude09 ) Znacznie zmniejszy\u0142o to moje koszty do <strong>Rzeszowa<\/strong>, jednak dalej by\u0142o ju\u017c drogo i d\u0142ugo. Z <strong>Cz\u0119stochowy<\/strong> wyjecha\u0142em \u00a0po 5.00, przesiadka w<strong> Katowicach<\/strong>, przesiadka w <strong>Rzeszowie<\/strong>( gdzie do\u0142\u0105czam do kolegi), przesiadka w <strong>Lesku<\/strong> i wreszcie po 18 jeste\u015bmy w<strong> Wetlinie<\/strong> &#8211; sercu<strong> Bieszczad\u00f3w<\/strong>. Tu mamy si\u0119 spotka\u0107 z <em>Bo\u017cen\u0105<\/em>, kt\u00f3ra przyjechawszy rano spod <strong>Zakopanego<\/strong>, w\u0119druje gdzie\u015b po po\u0142oninach. Czekamy na ni\u0105 w um\u00f3wionym miejscu noclegu &#8211; <em>Domu Wycieczkowym PTTK<\/em>.<\/p>\n<p>&nbsp;<\/p>\n<h4>Planowanie w\u0119dr\u00f3wki<\/h4>\n<p>Oczekuj\u0105c na jej przybycie rozgo\u015bcili\u015bmy si\u0119 w skromnym pokoju. By\u0142a ju\u017c pe\u0142nia nocy, gdy wreszcie si\u0119 pojawi\u0142a pe\u0142na wra\u017ce\u0144 z wycieczki <strong>Po\u0142onin\u0105 Wetli\u0144sk\u0105<\/strong>. Przy \u0142adnej s\u0142onecznej pogodzie sp\u0119dzi\u0142a w trasie oko\u0142o 10 godzin. Tu mo\u017cesz zobaczy\u0107 map\u0119 trasy:<a href=\"http:\/\/www.planetagor.pl\/places\/application\/TrialPage.php?ID=7683\" target=\"_blank\" rel=\"noopener noreferrer\">\u00a0trasa na Planecie G\u00f3r<\/a><\/p>\n<p>Ale to by\u0142o- nas interesuje, co robimy JUTRO!?<\/p>\n<p><em>Bo\u017cena<\/em> &#8211; jako w\u0142a\u015bcicielka \u015brodka transportu &#8211; proponuje pi\u0119kn\u0105, lecz umiarkowanie trudn\u0105\u00a0tras\u0119. Bieszczadzki klasyk: \u00a0<strong>Wo\u0142osate<\/strong>&#8211;<strong> Rozsypaniec- Halicz- Tarnica- Wo\u0142osate.<\/strong><strong>\u00a0<\/strong>Uwierzycie, \u017ce jeszcze t\u0119dy nie szed\u0142em? Dawno nie chodzi\u0142em solidnie po g\u00f3rach, tote\u017c po kilku latach przymusowego &#8222;postu&#8221; uznaj\u0119, \u017ce to dobra trasa do sprawdzenia czy w og\u00f3le mam form\u0119. Przecie\u017c\u00a0przez\u00a0kolejne dni tygodnia b\u0119dzie w\u0119drowanie i w\u0119drowanie i&#8230; Jutro mam jednak kolejny handicap: idziemy\u00a0na lekko-\u00a0r\u00f3\u017cne klamoty zostaj\u0105 w schronisku.<\/p>\n<p>&nbsp;<\/p>\n<p><a href=\"https:\/\/robertsmyka.pl\/wypadyiwyrypy\/wp-content\/uploads\/2015\/02\/Wo\u0142osate-Rozsypaniec-Halicz-Tarnica-Wo\u0142osate.jpeg\"><img loading=\"lazy\" decoding=\"async\" class=\"aligncenter size-full wp-image-1563\" src=\"https:\/\/robertsmyka.pl\/wypadyiwyrypy\/wp-content\/uploads\/2015\/02\/Wo\u0142osate-Rozsypaniec-Halicz-Tarnica-Wo\u0142osate.jpeg\" alt=\"Wo\u0142osate Rozsypaniec Halicz Tarnica Wo\u0142osate\" width=\"555\" height=\"555\" data-id=\"1563\" srcset=\"https:\/\/robertsmyka.pl\/wypadyiwyrypy\/wp-content\/uploads\/2015\/02\/Wo\u0142osate-Rozsypaniec-Halicz-Tarnica-Wo\u0142osate.jpeg 555w, https:\/\/robertsmyka.pl\/wypadyiwyrypy\/wp-content\/uploads\/2015\/02\/Wo\u0142osate-Rozsypaniec-Halicz-Tarnica-Wo\u0142osate-150x150.jpeg 150w, https:\/\/robertsmyka.pl\/wypadyiwyrypy\/wp-content\/uploads\/2015\/02\/Wo\u0142osate-Rozsypaniec-Halicz-Tarnica-Wo\u0142osate-300x300.jpeg 300w, https:\/\/robertsmyka.pl\/wypadyiwyrypy\/wp-content\/uploads\/2015\/02\/Wo\u0142osate-Rozsypaniec-Halicz-Tarnica-Wo\u0142osate-366x366.jpeg 366w, https:\/\/robertsmyka.pl\/wypadyiwyrypy\/wp-content\/uploads\/2015\/02\/Wo\u0142osate-Rozsypaniec-Halicz-Tarnica-Wo\u0142osate-538x538.jpeg 538w, https:\/\/robertsmyka.pl\/wypadyiwyrypy\/wp-content\/uploads\/2015\/02\/Wo\u0142osate-Rozsypaniec-Halicz-Tarnica-Wo\u0142osate-269x269.jpeg 269w, https:\/\/robertsmyka.pl\/wypadyiwyrypy\/wp-content\/uploads\/2015\/02\/Wo\u0142osate-Rozsypaniec-Halicz-Tarnica-Wo\u0142osate-365x365.jpeg 365w\" sizes=\"auto, (max-width: 555px) 100vw, 555px\" \/><\/a><\/p>\n<p>&nbsp;<\/p>\n<h4>Niedziela 5 pa\u017adziernika<\/h4>\n<p><a href=\"https:\/\/s.click.aliexpress.com\/e\/_DDIisXr?bz=300*250\" target=\"_blank\" rel=\"noopener\"><img loading=\"lazy\" decoding=\"async\" class=\"alignleft\" src=\"https:\/\/ae01.alicdn.com\/kf\/S3619e57974f148d087c950fe497cdf55q\/300x250.jpg\" alt=\"aliexpress\" width=\"300\" height=\"250\" \/><\/a>Pobudka o 7. 30. \u015aniadanie i przygotowanie do wycieczki zajmuje mi nawet ma\u0142o czasu. Szybkie wyj\u015bcie u\u0142atwia samo schronisko niezach\u0119caj\u0105ce swym post-peerelowskim klimatem do d\u0142ugich posiedze\u0144.\u00a0Doje\u017cd\u017camy samochodem do parkingu w <strong>Wo\u0142osatym<\/strong>. Znam to miejsce z wycieczki z <em>Robertem<\/em> sprzed kilku lat. Wtedy tu ko\u0144czyli\u015bmy tras\u0119 z <strong>Ustrzyk G\u00f3rnych<\/strong> na <strong>Tarnic\u0119<\/strong> przez <strong>Szeroki Wierch<\/strong>.<\/p>\n<p>O 9.05 ruszamy szerok\u0105 solidn\u0105 drog\u0105 na po\u0142udniowy &#8211; wsch\u00f3d, w kierunku granicy z <strong>Ukrain\u0105<\/strong>. Razem z nami na tras\u0119 ruszaj\u0105 t\u0142umy. Przyzwyczajony przez lata do w\u0119dr\u00f3wek \u00a0pustymi przestrzeniami rumu\u0144skich <strong>Karpat<\/strong>, przypominam sobie, \u017ce w naszych g\u00f3rach to normalne na popularnych szlakach. Pogoda, co prawda, nie jest nadzwyczajna, ale te\u017c nie odstraszaj\u0105ca. G\u0142\u00f3wn\u0105 jej wad\u0105 jest brak widoczno\u015bci. Mamy nadziej\u0119, \u017ce wy\u017cej si\u0119 rozja\u015bni, a nieznane mi krajobrazy uka\u017c\u0105 sie w pe\u0142nej krasie. \u00a0Nabieram smaku na\u00a0wspania\u0142e zdj\u0119cia. Ale to mo\u017ce p\u00f3\u017aniej i wy\u017cej. Na razie wyci\u0105gam ma\u0142ego pentaxa, aby- zgodnie z moim stosunkowo nowym\u00a0zwyczajem &#8211; porobi\u0107 zdj\u0119cia dokumentacyjne. Niestety- nic z tego; akurat baterie odm\u00f3wi\u0142y pos\u0142usze\u0144stwa. Pozostaje mi liczy\u0107 na fotki towarzysz\u0105cych mi znajomych g\u00f3ro\u0142az\u00f3w. M\u00f3j analogowy <em>Pentax Sfxn<\/em> poczeka na ciekawsze widoki, tam wy\u017cej&#8230;<\/p>\n<p>Gdy zbli\u017camy si\u0119 do granicy pa\u0144stwa, monotonn\u0105 w\u0119dr\u00f3wk\u0119 urozmaica niebywa\u0142a atrakcja: karmnik dla d\u017cd\u017cownic. \ud83d\ude09 W\u0142a\u015bciwie karmienie tych zwierz\u0105tek jest dodatkiem do podstawowej funkcji ekologicznej toalety szwajcarskiego pomys\u0142u. Nie omieszka\u0142em skorzysta\u0107: wszed\u0142em, siad\u0142em&#8230; Potem no\u017cnym peda\u0142em uruchomi\u0142em ta\u015bmoci\u0105g i&#8230; d\u017cd\u017cownice nakarmione. Zwa\u017cywszy na t\u0142um na szlaku jeszcze d\u0142ugo robale z g\u0142odu nie umr\u0105. \ud83d\ude00<\/p>\n<p>&nbsp;<\/p>\n<figure id=\"attachment_1588\" class=\"thumbnail wp-caption aligncenter\" style=\"width: 900px\"><a href=\"https:\/\/robertsmyka.pl\/wypadyiwyrypy\/wp-content\/uploads\/2015\/04\/Na-stokach-Halicza..jpg\"><img loading=\"lazy\" decoding=\"async\" class=\"wp-image-1588 size-full\" src=\"https:\/\/robertsmyka.pl\/wypadyiwyrypy\/wp-content\/uploads\/2015\/04\/Na-stokach-Halicza..jpg\" alt=\"Na stokach Krzemienia\" width=\"900\" height=\"600\" data-id=\"1588\" srcset=\"https:\/\/robertsmyka.pl\/wypadyiwyrypy\/wp-content\/uploads\/2015\/04\/Na-stokach-Halicza..jpg 900w, https:\/\/robertsmyka.pl\/wypadyiwyrypy\/wp-content\/uploads\/2015\/04\/Na-stokach-Halicza.-300x200.jpg 300w, https:\/\/robertsmyka.pl\/wypadyiwyrypy\/wp-content\/uploads\/2015\/04\/Na-stokach-Halicza.-272x182.jpg 272w\" sizes=\"auto, (max-width: 900px) 100vw, 900px\" \/><\/a><figcaption class=\"caption wp-caption-text\">Na stokach Kopy Bukowskiej<\/figcaption><\/figure>\n<h4>Za Haliczem.<\/h4>\n<p>Za <strong>Haliczem<\/strong>\u00a0mg\u0142a nieco ust\u0119puje. Wreszcie mog\u0119 uchwyci\u0107 wybrane kadry na filmie. Na w\u0105skiej \u015bcie\u017cce zwarta przedtem kolumna turyst\u00f3w rozci\u0105gn\u0119\u0142a si\u0119. \u00a0 W\u00a0prze\u015bwitach wy\u0142aniaj\u0105 si\u0119 ma\u0142e grupki w\u0119drowc\u00f3w.<\/p>\n<figure id=\"attachment_1590\" class=\"thumbnail wp-caption aligncenter\" style=\"width: 900px\"><a href=\"https:\/\/robertsmyka.pl\/wypadyiwyrypy\/wp-content\/uploads\/2015\/04\/Tam-dolina-Wo\u0142osatego.jpg\"><img loading=\"lazy\" decoding=\"async\" class=\"size-full wp-image-1590\" src=\"https:\/\/robertsmyka.pl\/wypadyiwyrypy\/wp-content\/uploads\/2015\/04\/Tam-dolina-Wo\u0142osatego.jpg\" alt=\"Tam dolina Wo\u0142osatego\" width=\"900\" height=\"600\" data-id=\"1590\" srcset=\"https:\/\/robertsmyka.pl\/wypadyiwyrypy\/wp-content\/uploads\/2015\/04\/Tam-dolina-Wo\u0142osatego.jpg 900w, https:\/\/robertsmyka.pl\/wypadyiwyrypy\/wp-content\/uploads\/2015\/04\/Tam-dolina-Wo\u0142osatego-300x200.jpg 300w, https:\/\/robertsmyka.pl\/wypadyiwyrypy\/wp-content\/uploads\/2015\/04\/Tam-dolina-Wo\u0142osatego-272x182.jpg 272w\" sizes=\"auto, (max-width: 900px) 100vw, 900px\" \/><\/a><figcaption class=\"caption wp-caption-text\">Tam dolina Wo\u0142osatego<\/figcaption><\/figure>\n<p>Wszyscy zmierzaj\u0105 w jedn\u0105 stron\u0119- do <strong>Doliny Wo\u0142osatego<\/strong>; tam gdzie i my.<\/p>\n<p>&nbsp;<\/p>\n<figure id=\"attachment_1592\" class=\"thumbnail wp-caption aligncenter\" style=\"width: 900px\"><a href=\"https:\/\/robertsmyka.pl\/wypadyiwyrypy\/wp-content\/uploads\/2015\/04\/Pi\u0119knie-tu-zapraszamy..jpg\"><img loading=\"lazy\" decoding=\"async\" class=\"size-full wp-image-1592\" src=\"https:\/\/robertsmyka.pl\/wypadyiwyrypy\/wp-content\/uploads\/2015\/04\/Pi\u0119knie-tu-zapraszamy..jpg\" alt=\"Pi\u0119knie tu- zapraszamy.\" width=\"900\" height=\"600\" data-id=\"1592\" srcset=\"https:\/\/robertsmyka.pl\/wypadyiwyrypy\/wp-content\/uploads\/2015\/04\/Pi\u0119knie-tu-zapraszamy..jpg 900w, https:\/\/robertsmyka.pl\/wypadyiwyrypy\/wp-content\/uploads\/2015\/04\/Pi\u0119knie-tu-zapraszamy.-300x200.jpg 300w, https:\/\/robertsmyka.pl\/wypadyiwyrypy\/wp-content\/uploads\/2015\/04\/Pi\u0119knie-tu-zapraszamy.-272x182.jpg 272w\" sizes=\"auto, (max-width: 900px) 100vw, 900px\" \/><\/a><figcaption class=\"caption wp-caption-text\">Pi\u0119knie tu- zapraszamy.<\/figcaption><\/figure>\n<p>Stopniowo \u015bwiat\u0142o ogarnia coraz wi\u0119ksze po\u0142acie g\u00f3r. Ju\u017c wiemy, \u017ce warto zej\u015b\u0107 kawa\u0142ek w bok, aby zdoby\u0107 <strong>Tarnic\u0119<\/strong>. Wcze\u015bniej zatrzymujemy si\u0119 we wiacie nad <strong>Prze\u0142\u0119cz\u0105 Goprowsk\u0105<\/strong>&#8211; czas napi\u0107 si\u0119 gor\u0105cej herbaty i zje\u015b\u0107 kanapki. Swoj\u0105 drog\u0105, w\u0142a\u015bciwa nazwa tej prze\u0142\u0119czy, wg mapki <em>Wojciecha Krukara<\/em>, brzmi <strong>Prze\u0142\u0119cz Rowi\u0144 Jackowa<\/strong>.<\/p>\n<p>&nbsp;<\/p>\n<figure id=\"attachment_1594\" class=\"thumbnail wp-caption aligncenter\" style=\"width: 900px\"><a href=\"https:\/\/robertsmyka.pl\/wypadyiwyrypy\/wp-content\/uploads\/2015\/04\/Prze\u0142\u0119cz-goprowska.jpg\"><img loading=\"lazy\" decoding=\"async\" class=\"size-full wp-image-1594\" src=\"https:\/\/robertsmyka.pl\/wypadyiwyrypy\/wp-content\/uploads\/2015\/04\/Prze\u0142\u0119cz-goprowska.jpg\" alt=\"Ja na Prze\u0142\u0119czy Goprowskiej.\" width=\"900\" height=\"600\" data-id=\"1594\" srcset=\"https:\/\/robertsmyka.pl\/wypadyiwyrypy\/wp-content\/uploads\/2015\/04\/Prze\u0142\u0119cz-goprowska.jpg 900w, https:\/\/robertsmyka.pl\/wypadyiwyrypy\/wp-content\/uploads\/2015\/04\/Prze\u0142\u0119cz-goprowska-300x200.jpg 300w, https:\/\/robertsmyka.pl\/wypadyiwyrypy\/wp-content\/uploads\/2015\/04\/Prze\u0142\u0119cz-goprowska-272x182.jpg 272w\" sizes=\"auto, (max-width: 900px) 100vw, 900px\" \/><\/a><figcaption class=\"caption wp-caption-text\">Ja na Prze\u0142\u0119czy Goprowskiej.<\/figcaption><\/figure>\n<p>&nbsp;<\/p>\n<p><a style=\"cursor: pointer;\" href=\"https:\/\/webep1.com\/c\/7539\/eafd7dcd50274d808cf306ad?bid=6103b11ece76ed49eae7c03a&amp;r=aHR0cHM6Ly93d3cua3ViZWtjb250aWdvLnBsLw\" target=\"_blank\" rel=\"nofollow noopener\"><img decoding=\"async\" src=\"https:\/\/image.weben1.com\/b\/7539\/91aef4bb-5b5a-4c6f-9f75-110314706560.jpg\" \/><\/a><\/p>\n<p>&nbsp;<\/p>\n<figure id=\"attachment_1603\" class=\"thumbnail wp-caption aligncenter\" style=\"width: 676px\"><a href=\"https:\/\/robertsmyka.pl\/wypadyiwyrypy\/wp-content\/uploads\/2015\/04\/Ja-w-rejonie-prze\u0142\u0119czy-goprowskiej.-Bieszczady..jpg\"><img loading=\"lazy\" decoding=\"async\" class=\"wp-image-1603 size-full\" src=\"https:\/\/robertsmyka.pl\/wypadyiwyrypy\/wp-content\/uploads\/2015\/04\/Ja-w-rejonie-prze\u0142\u0119czy-goprowskiej.-Bieszczady..jpg\" alt=\"Ja w rejonie Prze\u0142\u0119czy Goprowskiej Foto by Robert Kmie\u0107\" width=\"676\" height=\"901\" data-id=\"1603\" srcset=\"https:\/\/robertsmyka.pl\/wypadyiwyrypy\/wp-content\/uploads\/2015\/04\/Ja-w-rejonie-prze\u0142\u0119czy-goprowskiej.-Bieszczady..jpg 676w, https:\/\/robertsmyka.pl\/wypadyiwyrypy\/wp-content\/uploads\/2015\/04\/Ja-w-rejonie-prze\u0142\u0119czy-goprowskiej.-Bieszczady.-225x300.jpg 225w\" sizes=\"auto, (max-width: 676px) 100vw, 676px\" \/><\/a><figcaption class=\"caption wp-caption-text\">Ja w rejonie Prze\u0142\u0119czy Goprowskiej Foto by Robert Kmie\u0107<\/figcaption><\/figure>\n<p>&nbsp;<\/p>\n<figure id=\"attachment_1605\" class=\"thumbnail wp-caption aligncenter\" style=\"width: 676px\"><a href=\"https:\/\/robertsmyka.pl\/wypadyiwyrypy\/wp-content\/uploads\/2015\/04\/Za-nami-prze\u0142\u0119cz-goprowska.-Bieszczady..jpg\"><img loading=\"lazy\" decoding=\"async\" class=\"wp-image-1605 size-full\" title=\"Za nami Prze\u0142\u0119cz Goprowska. Foto by Robert Kmie\u0107. Bieszczady\" src=\"https:\/\/robertsmyka.pl\/wypadyiwyrypy\/wp-content\/uploads\/2015\/04\/Za-nami-prze\u0142\u0119cz-goprowska.-Bieszczady..jpg\" alt=\"Za nami Prze\u0142\u0119cz Goprowska. Foto by Robert Kmie\u0107. Bieszczady\" width=\"676\" height=\"901\" data-id=\"1605\" srcset=\"https:\/\/robertsmyka.pl\/wypadyiwyrypy\/wp-content\/uploads\/2015\/04\/Za-nami-prze\u0142\u0119cz-goprowska.-Bieszczady..jpg 676w, https:\/\/robertsmyka.pl\/wypadyiwyrypy\/wp-content\/uploads\/2015\/04\/Za-nami-prze\u0142\u0119cz-goprowska.-Bieszczady.-225x300.jpg 225w\" sizes=\"auto, (max-width: 676px) 100vw, 676px\" \/><\/a><figcaption class=\"caption wp-caption-text\">Za nami Prze\u0142\u0119cz Goprowska. Foto by Robert Kmie\u0107<\/figcaption><\/figure>\n<h4>Tarnica<\/h4>\n<p style=\"text-align: left;\">Akurat podczas posi\u0142ku, gdy byli\u015bmy dobrze chronieni sporym dachem wiaty, nieco pokropi\u0142o. W pobli\u017cu wiaty, do\u015b\u0107 wysoko, na stokach <strong>Tarniczki<\/strong>, znajduje si\u0119 po\u017cyteczne \u017ar\u00f3d\u0142o wspania\u0142ej g\u00f3rskiej wody. Podczas upa\u0142\u00f3w nie umrzemy z pragnienia.\u00a0Po kr\u00f3tkim, lecz intensywnym podej\u015bciu stajemy na szczycie <strong>Tarnicy<\/strong>! Drugi raz w mym \u017cyciu. Pogoda nawet podobna jak poprzednio, lecz jest wyra\u017anie cieplej.\u00a0Przezieraj\u0105ce poprzez chmury i mg\u0142y s\u0142o\u0144ce dostarcza akurat tyle \u015bwiat\u0142a, aby uwypukli\u0107 tajemniczy, pe\u0142en melancholijnych wspomnie\u0144 charakter tego zak\u0105tka <strong>Bieszczad\u00f3w<\/strong>&#8230;<\/p>\n<p>&nbsp;<\/p>\n<figure id=\"attachment_1609\" class=\"thumbnail wp-caption aligncenter\" style=\"width: 900px\"><a href=\"https:\/\/robertsmyka.pl\/wypadyiwyrypy\/wp-content\/uploads\/2015\/04\/Tarnica.jpg\"><img loading=\"lazy\" decoding=\"async\" class=\"wp-image-1609 size-full\" title=\"Ekipa na Tarnicy. Foto by Robert Kmie\u0107 Bieszczady\" src=\"https:\/\/robertsmyka.pl\/wypadyiwyrypy\/wp-content\/uploads\/2015\/04\/Tarnica.jpg\" alt=\"Ekipa na Tarnicy. Foto by Robert Kmie\u0107 Bieszczady\" width=\"900\" height=\"600\" data-id=\"1609\" srcset=\"https:\/\/robertsmyka.pl\/wypadyiwyrypy\/wp-content\/uploads\/2015\/04\/Tarnica.jpg 900w, https:\/\/robertsmyka.pl\/wypadyiwyrypy\/wp-content\/uploads\/2015\/04\/Tarnica-300x200.jpg 300w, https:\/\/robertsmyka.pl\/wypadyiwyrypy\/wp-content\/uploads\/2015\/04\/Tarnica-272x182.jpg 272w\" sizes=\"auto, (max-width: 900px) 100vw, 900px\" \/><\/a><figcaption class=\"caption wp-caption-text\">Ekipa na Tarnicy. OD lewej: Ja, Bo\u017cena i Robert. Foto by Robert Kmie\u0107<\/figcaption><\/figure>\n<figure id=\"attachment_1597\" class=\"thumbnail wp-caption aligncenter\" style=\"width: 900px\"><a href=\"https:\/\/robertsmyka.pl\/wypadyiwyrypy\/wp-content\/uploads\/2015\/04\/Dolina-Wo\u0142osatego-z-Tarnicy..jpg\"><img loading=\"lazy\" decoding=\"async\" class=\"wp-image-1597 size-full\" title=\"Dolina Wo\u0142osatego z Tarnicy\" src=\"https:\/\/robertsmyka.pl\/wypadyiwyrypy\/wp-content\/uploads\/2015\/04\/Dolina-Wo\u0142osatego-z-Tarnicy..jpg\" alt=\"Dolina Wo\u0142osatego z Tarnicy. Bieszczady. \" width=\"900\" height=\"600\" data-id=\"1597\" srcset=\"https:\/\/robertsmyka.pl\/wypadyiwyrypy\/wp-content\/uploads\/2015\/04\/Dolina-Wo\u0142osatego-z-Tarnicy..jpg 900w, https:\/\/robertsmyka.pl\/wypadyiwyrypy\/wp-content\/uploads\/2015\/04\/Dolina-Wo\u0142osatego-z-Tarnicy.-300x200.jpg 300w, https:\/\/robertsmyka.pl\/wypadyiwyrypy\/wp-content\/uploads\/2015\/04\/Dolina-Wo\u0142osatego-z-Tarnicy.-272x182.jpg 272w\" sizes=\"auto, (max-width: 900px) 100vw, 900px\" \/><\/a><figcaption class=\"caption wp-caption-text\">Dolina Wo\u0142osatego z Tarnicy<\/figcaption><\/figure>\n<p>&nbsp;<\/p>\n<div id=\"323ead7f-3ef5-4555-846c-8863e3904303\"><\/div>\n<p><script src=\"https:\/\/service.weben1.com\/widget_323ead7f-3ef5-4555-846c-8863e3904303.js\"><\/script><\/p>\n<p>Po kontemplacji przyszed\u0142 czas na zdj\u0119cia i&#8230;wracamy. Przez <strong>Prze\u0142\u0119cz Sid\u0142o<\/strong>, stokami <strong>Chud\u00f3w Wierszka<\/strong> spokojnie docieramy do parkingu w <strong>Wo\u0142osatem<\/strong>.<\/p>\n<p>Po d\u0142ugiej w\u0119dr\u00f3wce w umiarkowanym ch\u0142odku czujemy si\u0119 g\u0142odni. Przed 17 zatrzymujemy si\u0119 w <em>Kremenarosie<\/em>. Schabowy z sur\u00f3wk\u0105 i ziemniakami za 19 z\u0142otych smakowa\u0142 mi wybornie. Humor poprawi\u0142em jeszcze \u0142ykami herbaty za cztery z\u0142ote. W drodze do <strong>Wetliny<\/strong> byli\u015bmy z <em>Robertem<\/em> my\u015blami ju\u017c przy trasach czekaj\u0105cych nas w kolejne dni. Niestety- <em>Bo\u017cena<\/em> musia\u0142a opu\u015bci\u0107 Bieszczady- koniec weekendu, praca&#8230;<\/p>\n","protected":false},"excerpt":{"rendered":"<p>Bieszczady jesieni\u0105 Bieszczady jesienne to jedno z marze\u0144 ka\u017cdego g\u00f3ro\u0142aza. By\u0107 tam, gdy dominuj\u0105 \u017c\u00f3\u0142cie traw, br\u0105zy buk\u00f3w okraszone czerwieni\u0105 \u00a0jagodzin i resztkami\u00a0zamieraj\u0105cej zieleni. Trafi\u0107 w TEN czas! Przecie\u017c to proste &#8211; powiesz- wystarczy pojecha\u0107 w pa\u017adzierniku. Taaak, ale gdy\u00a0nie &hellip; <a href=\"https:\/\/robertsmyka.pl\/wypadyiwyrypy\/kolorowe-bieszczady\/\">Continued<\/a><\/p>\n","protected":false},"author":1,"featured_media":1588,"comment_status":"open","ping_status":"open","sticky":false,"template":"","format":"standard","meta":{"footnotes":""},"categories":[68,1,2,60,52,93],"tags":[125,94,127,95,126],"class_list":["post-1430","post","type-post","status-publish","format-standard","has-post-thumbnail","hentry","category-bieszczady","category-blog","category-featured","category-karpaty","category-polska","category-trekking","tag-bieszczady","tag-gory","tag-halicz","tag-karpaty-2","tag-tarnica"],"_links":{"self":[{"href":"https:\/\/robertsmyka.pl\/wypadyiwyrypy\/wp-json\/wp\/v2\/posts\/1430","targetHints":{"allow":["GET"]}}],"collection":[{"href":"https:\/\/robertsmyka.pl\/wypadyiwyrypy\/wp-json\/wp\/v2\/posts"}],"about":[{"href":"https:\/\/robertsmyka.pl\/wypadyiwyrypy\/wp-json\/wp\/v2\/types\/post"}],"author":[{"embeddable":true,"href":"https:\/\/robertsmyka.pl\/wypadyiwyrypy\/wp-json\/wp\/v2\/users\/1"}],"replies":[{"embeddable":true,"href":"https:\/\/robertsmyka.pl\/wypadyiwyrypy\/wp-json\/wp\/v2\/comments?post=1430"}],"version-history":[{"count":98,"href":"https:\/\/robertsmyka.pl\/wypadyiwyrypy\/wp-json\/wp\/v2\/posts\/1430\/revisions"}],"predecessor-version":[{"id":2799,"href":"https:\/\/robertsmyka.pl\/wypadyiwyrypy\/wp-json\/wp\/v2\/posts\/1430\/revisions\/2799"}],"wp:featuredmedia":[{"embeddable":true,"href":"https:\/\/robertsmyka.pl\/wypadyiwyrypy\/wp-json\/wp\/v2\/media\/1588"}],"wp:attachment":[{"href":"https:\/\/robertsmyka.pl\/wypadyiwyrypy\/wp-json\/wp\/v2\/media?parent=1430"}],"wp:term":[{"taxonomy":"category","embeddable":true,"href":"https:\/\/robertsmyka.pl\/wypadyiwyrypy\/wp-json\/wp\/v2\/categories?post=1430"},{"taxonomy":"post_tag","embeddable":true,"href":"https:\/\/robertsmyka.pl\/wypadyiwyrypy\/wp-json\/wp\/v2\/tags?post=1430"}],"curies":[{"name":"wp","href":"https:\/\/api.w.org\/{rel}","templated":true}]}}