{"id":1355,"date":"2014-10-16T12:54:56","date_gmt":"2014-10-16T10:54:56","guid":{"rendered":"http:\/\/robertsmyka.pl\/wypadyiwyrypy\/?p=1355"},"modified":"2023-02-10T16:17:11","modified_gmt":"2023-02-10T15:17:11","slug":"przed-nami-arjana","status":"publish","type":"post","link":"https:\/\/robertsmyka.pl\/wypadyiwyrypy\/przed-nami-arjana\/","title":{"rendered":"Przed nami Arjana"},"content":{"rendered":"<p>&nbsp;<\/p>\n<figure id=\"attachment_1160\" class=\"thumbnail wp-caption alignleft\" style=\"width: 584px\"><a href=\"https:\/\/robertsmyka.pl\/wypadyiwyrypy\/wp-content\/uploads\/2014\/09\/Culmea-Mare-Arjana.jpeg\"><img loading=\"lazy\" decoding=\"async\" class=\"size-full wp-image-1160\" src=\"https:\/\/robertsmyka.pl\/wypadyiwyrypy\/wp-content\/uploads\/2014\/09\/Culmea-Mare-Arjana.jpeg\" alt=\"Culmea Mare- Arjana \" width=\"584\" height=\"615\" data-id=\"1160\" srcset=\"https:\/\/robertsmyka.pl\/wypadyiwyrypy\/wp-content\/uploads\/2014\/09\/Culmea-Mare-Arjana.jpeg 584w, https:\/\/robertsmyka.pl\/wypadyiwyrypy\/wp-content\/uploads\/2014\/09\/Culmea-Mare-Arjana-284x300.jpeg 284w\" sizes=\"auto, (max-width: 584px) 100vw, 584px\" \/><\/a><figcaption class=\"caption wp-caption-text\">Culmea Mare- Arjana<\/figcaption><\/figure>\n<h3>Culmea Mare<\/h3>\n<p>Wsta\u0142em o 5.40- zgodnie z wczorajszym planem. Tradycyjnie sporo czasu zaj\u0119\u0142o mi &#8222;dochodzenie do siebie&#8221;. Wczesnym rankiem bywam jakis taki niewyra\u017any. \ud83d\ude09 Na szcz\u0119\u015bcie poranny ch\u0142odek przywr\u00f3ci\u0142 mi przytomno\u015b\u0107. Nie mia\u0142em jeszcze do\u015bwiadczenia biwakowego, tote\u017c kolejno\u015b\u0107 porannych dzia\u0142a\u0144 by\u0142a do\u015b\u0107 przypadkowa. Wpierw przenios\u0142em namiot w miejsce nas\u0142onecznione, aby wysech\u0142 z porannej rosy.Potem\u00a0si\u0119 umy\u0142em, z kolei\u00a0wybebeszy\u0142em ca\u0142\u0105 zawarto\u015b\u0107 plecaka, aby ustali\u0107 w co si\u0119 dzi\u015b ubra\u0107, co schowa\u0107 g\u0142eboko, a co p\u0142ytko, \u00a0przede wszystkim &#8211; co by tu zje\u015b\u0107 na \u015bniadanko&#8230;<\/p>\n<p>Cho\u0107 szczerze to nie bardzo si\u0119 by\u0142o nad czym g\u0142owi\u0107- mog\u0142em co najwy\u017cej nieco zmodyfikowa\u0107 sk\u0142ad mojej paciaji. \ud83d\ude00 Gotowanie wody na herbatk\u0119, a potem na mieszank\u0119 super-kaloryczn\u0105, na tej samej kuchence zaj\u0119\u0142o ponad p\u00f3\u0142 godziny. Potem jeszcze odpowiednie na ranny ch\u0142odek ubranie, zej\u015bcie do \u017ar\u00f3d\u0142a na ablucje i pobranie zapasu wody, \u00a0z\u0142o\u017cenie wysuszonego tymczasem namiotu, spakowanie go i reszty klamot\u00f3w do plecaka. Jeszcze sesje fotograficzne &#8211; w tej akurat nie wzi\u0105\u0142em udzia\u0142u, gdy\u017c oszcz\u0119dza\u0142em film w aparacie na &#8222;lepsze momenty&#8221;<\/p>\n<figure id=\"attachment_1458\" class=\"thumbnail wp-caption aligncenter\" style=\"width: 882px\"><a href=\"https:\/\/robertsmyka.pl\/wypadyiwyrypy\/wp-content\/uploads\/2014\/10\/Widok-na-Mehedinti-z-grzbietu-Cernei-w-rejonie-Culmea-Mare-photo-by-Robert-Kmie\u0107.jpg\"><img loading=\"lazy\" decoding=\"async\" class=\"size-full wp-image-1458\" src=\"https:\/\/robertsmyka.pl\/wypadyiwyrypy\/wp-content\/uploads\/2014\/10\/Widok-na-Mehedinti-z-grzbietu-Cernei-w-rejonie-Culmea-Mare-photo-by-Robert-Kmie\u0107.jpg\" alt=\"Widok na Mehedinti z grzbietu Cernei w rejonie Culmea Mare, photo by Robert Kmie\u0107\" width=\"882\" height=\"573\" data-id=\"1458\" srcset=\"https:\/\/robertsmyka.pl\/wypadyiwyrypy\/wp-content\/uploads\/2014\/10\/Widok-na-Mehedinti-z-grzbietu-Cernei-w-rejonie-Culmea-Mare-photo-by-Robert-Kmie\u0107.jpg 882w, https:\/\/robertsmyka.pl\/wypadyiwyrypy\/wp-content\/uploads\/2014\/10\/Widok-na-Mehedinti-z-grzbietu-Cernei-w-rejonie-Culmea-Mare-photo-by-Robert-Kmie\u0107-300x194.jpg 300w\" sizes=\"auto, (max-width: 882px) 100vw, 882px\" \/><\/a><figcaption class=\"caption wp-caption-text\">Widok na Mehedinti z grzbietu Cernei w rejonie Culmea Mare, photo by Robert Kmie\u0107<\/figcaption><\/figure>\n<p>Wydaje mi si\u0119, \u017ce jestem nawet szybki, ale&#8230;koledzy ju\u017c od d\u0142u\u017cszej chwili czekaj\u0105 gotowi do akcji. \ud83d\ude00<\/p>\n<figure id=\"attachment_1447\" class=\"thumbnail wp-caption aligncenter\" style=\"width: 900px\"><a href=\"https:\/\/robertsmyka.pl\/wypadyiwyrypy\/wp-content\/uploads\/2014\/10\/koniec-popasu.jpg\"><img loading=\"lazy\" decoding=\"async\" class=\"size-full wp-image-1447\" src=\"https:\/\/robertsmyka.pl\/wypadyiwyrypy\/wp-content\/uploads\/2014\/10\/koniec-popasu.jpg\" alt=\"Koniec popasu\" width=\"900\" height=\"600\" data-id=\"1447\" srcset=\"https:\/\/robertsmyka.pl\/wypadyiwyrypy\/wp-content\/uploads\/2014\/10\/koniec-popasu.jpg 900w, https:\/\/robertsmyka.pl\/wypadyiwyrypy\/wp-content\/uploads\/2014\/10\/koniec-popasu-300x200.jpg 300w\" sizes=\"auto, (max-width: 900px) 100vw, 900px\" \/><\/a><figcaption class=\"caption wp-caption-text\">Koniec popasu<\/figcaption><\/figure>\n<figure id=\"attachment_1442\" class=\"thumbnail wp-caption alignright\" style=\"width: 397px\"><a style=\"font-weight: bold;\" href=\"https:\/\/robertsmyka.pl\/wypadyiwyrypy\/wp-content\/uploads\/2014\/10\/Stokami-Poiana-Cicilovete.jpg\"><img loading=\"lazy\" decoding=\"async\" class=\"wp-image-1442 size-full\" title=\"Stokami Poiana Cicilovete foto by Andrzej Cichuniak\" src=\"https:\/\/robertsmyka.pl\/wypadyiwyrypy\/wp-content\/uploads\/2014\/10\/Stokami-Poiana-Cicilovete-e1673812254212.jpg\" alt=\"Stokami-Poiana-Cicilovete\" width=\"397\" height=\"631\" data-id=\"1442\" srcset=\"https:\/\/robertsmyka.pl\/wypadyiwyrypy\/wp-content\/uploads\/2014\/10\/Stokami-Poiana-Cicilovete-e1673812254212.jpg 397w, https:\/\/robertsmyka.pl\/wypadyiwyrypy\/wp-content\/uploads\/2014\/10\/Stokami-Poiana-Cicilovete-e1673812254212-189x300.jpg 189w\" sizes=\"auto, (max-width: 397px) 100vw, 397px\" \/><\/a><figcaption class=\"caption wp-caption-text\">Stokami Poiana Cicilovete foto by Andrzej Cichuniak<\/figcaption><\/figure>\n<figure id=\"attachment_1445\" class=\"thumbnail wp-caption alignleft\" style=\"width: 364px\"><a style=\"font-weight: bold;\" href=\"https:\/\/robertsmyka.pl\/wypadyiwyrypy\/wp-content\/uploads\/2014\/10\/Pod-Cicilovete.jpg\"><img loading=\"lazy\" decoding=\"async\" class=\"wp-image-1445 size-full\" title=\"Pod Cicilovete - szukamy szlaku w lesie bukowym\" src=\"https:\/\/robertsmyka.pl\/wypadyiwyrypy\/wp-content\/uploads\/2014\/10\/Pod-Cicilovete-e1673812967111.jpg\" alt=\"Pod Cicilovete - szukamy szlaku w lesie bukowym\" width=\"364\" height=\"629\" data-id=\"1445\" srcset=\"https:\/\/robertsmyka.pl\/wypadyiwyrypy\/wp-content\/uploads\/2014\/10\/Pod-Cicilovete-e1673812967111.jpg 364w, https:\/\/robertsmyka.pl\/wypadyiwyrypy\/wp-content\/uploads\/2014\/10\/Pod-Cicilovete-e1673812967111-174x300.jpg 174w\" sizes=\"auto, (max-width: 364px) 100vw, 364px\" \/><\/a><figcaption class=\"caption wp-caption-text\">Pod Cicilovete &#8211; szukamy szlaku w lesie bukowym<\/figcaption><\/figure>\n<p>Wreszcie ruszamy- jest godzina 8.00, wtorek, 1 sierpnia 2006 roku. Idziemy grzbietem, wi\u0119c szlak winien by\u0107 ewidentny. Niestety, nam przyzwyczajonym do polskich szlak\u00f3w brakuje wyra\u017anej \u015bcie\u017cki i oznacze\u0144 szlaku. Sytuacj\u0119 komplikuj\u0105 boczne grzbiety, dr\u00f3\u017cki oraz do\u015b\u0107 g\u0119sty las. Sprawdzon\u0105 wczoraj metod\u0105 rozchodzimy si\u0119 i znajdujemy wyra\u017an\u0105 scie\u017ck\u0119. Po chwili rozpoczyna sie do\u015b\u0107 ostre podej\u015bcie lasem bukowym. Tak pokonujemy po raz pierwszy na tej wyrypie 1000 m n.p.m.<\/p>\n<div id=\"dac4d443-9dd2-431e-8db1-964c959bcfc9\"><\/div>\n<p><script src=\"https:\/\/service.weben1.com\/widget_dac4d443-9dd2-431e-8db1-964c959bcfc9.js\"><\/script><\/p>\n<h3><\/h3>\n<h3>Poiana Cicilovete<\/h3>\n<p>Gdy wychodzimy z lasu na lekkim sp\u0142aszczeniu, po raz pierwszy czujemy si\u0119 jak w &#8222;prawdziwych&#8221; g\u00f3rach. \ud83d\ude00 Przed nami rozleg\u0142a, niemal po\u0142oninna polana. Podchodzimy jeszcze powy\u017cej 1100 m n.p.m. \u0142agodnym p\u0142ajem, prowadz\u0105cym poni\u017cej grzbietu po\u00a0stromym, trawiastym wschodnim stoku. W dole widzimy g\u0142\u0119boko wci\u0119t\u0105 dolin\u0119 rzeki Czernej. (<strong>Cerna<\/strong>). Uderza kontrast mi\u0119dzy stokami- prawy, czyli wschodni jest stromy, miejscami nawet przepa\u015bcisty, lewy natomiast ( zachodni) to \u0142agodnie opadaj\u0105ca po\u0142onina, zarastaj\u0105ca-w pewnej odleg\u0142o\u015bci od linii grzbietu- bukami.<\/p>\n<figure id=\"attachment_1437\" class=\"thumbnail wp-caption aligncenter\" style=\"width: 900px\"><a href=\"https:\/\/robertsmyka.pl\/wypadyiwyrypy\/wp-content\/uploads\/2014\/10\/Poiana-Cicilovete-widok-na-szczyt.jpg\"><img loading=\"lazy\" decoding=\"async\" class=\"size-full wp-image-1437\" src=\"https:\/\/robertsmyka.pl\/wypadyiwyrypy\/wp-content\/uploads\/2014\/10\/Poiana-Cicilovete-widok-na-szczyt.jpg\" alt=\"Poiana Cicilovete- widok na szczyt\" width=\"900\" height=\"600\" data-id=\"1437\" srcset=\"https:\/\/robertsmyka.pl\/wypadyiwyrypy\/wp-content\/uploads\/2014\/10\/Poiana-Cicilovete-widok-na-szczyt.jpg 900w, https:\/\/robertsmyka.pl\/wypadyiwyrypy\/wp-content\/uploads\/2014\/10\/Poiana-Cicilovete-widok-na-szczyt-300x200.jpg 300w\" sizes=\"auto, (max-width: 900px) 100vw, 900px\" \/><\/a><figcaption class=\"caption wp-caption-text\">Poiana Cicilovete- widok na szczyt<\/figcaption><\/figure>\n<p>&nbsp;<\/p>\n<p>Mamy ochot\u0119 na &#8222;ma\u0142e co nieco&#8221; po\u0142\u0105czone z podziwianiem widok\u00f3w. Zamglone, ci\u0119\u017ckie powietrze\u00a0\u00a0pozwala nam na zobaczenie tylko najbli\u017cszej okolicy, jednak g\u00f3ry <strong>Mehedinti<\/strong> z tej perspektywy wygl\u0105daj\u0105 imponuj\u0105co.<\/p>\n<p><a href=\"https:\/\/robertsmyka.pl\/wypadyiwyrypy\/wp-content\/uploads\/2014\/10\/Poiana-Cicilovete-widok-na-Mehedinti.jpg\"><img loading=\"lazy\" decoding=\"async\" class=\"aligncenter wp-image-1439 size-full\" src=\"https:\/\/robertsmyka.pl\/wypadyiwyrypy\/wp-content\/uploads\/2014\/10\/Poiana-Cicilovete-widok-na-Mehedinti.jpg\" alt=\"Poiana-Cicilovete-widok-na-Mehedinti\" width=\"900\" height=\"600\" data-id=\"1439\" srcset=\"https:\/\/robertsmyka.pl\/wypadyiwyrypy\/wp-content\/uploads\/2014\/10\/Poiana-Cicilovete-widok-na-Mehedinti.jpg 900w, https:\/\/robertsmyka.pl\/wypadyiwyrypy\/wp-content\/uploads\/2014\/10\/Poiana-Cicilovete-widok-na-Mehedinti-300x200.jpg 300w\" sizes=\"auto, (max-width: 900px) 100vw, 900px\" \/><\/a> Poiana-Cicilovete-widok-na-Mehedinti<\/p>\n<figure id=\"attachment_1405\" class=\"thumbnail wp-caption alignleft\" style=\"width: 423px\"><a href=\"https:\/\/robertsmyka.pl\/wypadyiwyrypy\/wp-content\/uploads\/2014\/10\/W-Cernei-ja-przy-pracy.-foto-by-Robert-Kmie\u0107..jpg\"><img loading=\"lazy\" decoding=\"async\" class=\"wp-image-1405 size-full\" src=\"https:\/\/robertsmyka.pl\/wypadyiwyrypy\/wp-content\/uploads\/2014\/10\/W-Cernei-ja-przy-pracy.-foto-by-Robert-Kmie\u0107..jpg\" alt=\"W Cernei- ja przy pracy. foto by Robert Kmie\u0107.\" width=\"423\" height=\"634\" data-id=\"1405\" srcset=\"https:\/\/robertsmyka.pl\/wypadyiwyrypy\/wp-content\/uploads\/2014\/10\/W-Cernei-ja-przy-pracy.-foto-by-Robert-Kmie\u0107..jpg 423w, https:\/\/robertsmyka.pl\/wypadyiwyrypy\/wp-content\/uploads\/2014\/10\/W-Cernei-ja-przy-pracy.-foto-by-Robert-Kmie\u0107.-200x300.jpg 200w\" sizes=\"auto, (max-width: 423px) 100vw, 423px\" \/><\/a><figcaption class=\"caption wp-caption-text\">W Cernei- ja przy pracy. foto by Robert Kmie\u0107.<\/figcaption><\/figure>\n<p>&nbsp;<\/p>\n<p>By\u0142o zbyt gor\u0105co i wcze\u015bnie, aby je\u015b\u0107 &#8211; popili\u015bmy wi\u0119c wody i pocz\u0119li\u015bmy foci\u0107. Przyjrza\u0142em si\u0119 jeszcze dok\u0142adniej ska\u0142om- marmury i dolomity z wapieniami.<\/p>\n<p>Wreszcie ruszyli\u015bmy p\u0142askowy\u017cem przed siebie- na p\u00f3\u0142noc, gdzie rysowa\u0142a si\u0119 sylwetka pierwszej &#8222;powa\u017cnej&#8221; g\u00f3ry &#8211;<strong> Arjany <\/strong>.<\/p>\n<p><script async src=\"https:\/\/pagead2.googlesyndication.com\/pagead\/js\/adsbygoogle.js?client=ca-pub-7672388252252958\" crossorigin=\"anonymous\"><\/script><br \/>\n<!-- displkwadwiwarjana --><br \/>\n<ins class=\"adsbygoogle\" style=\"display: inline-block; width: 250px; height: 250px;\" data-ad-client=\"ca-pub-7672388252252958\" data-ad-slot=\"4510369309\"><\/ins><\/p>\n<figure id=\"attachment_1411\" class=\"thumbnail wp-caption aligncenter\" style=\"width: 900px\"><a href=\"https:\/\/robertsmyka.pl\/wypadyiwyrypy\/wp-content\/uploads\/2014\/10\/Przed-nami-Arjana.jpg\"><img loading=\"lazy\" decoding=\"async\" class=\"size-full wp-image-1411\" src=\"https:\/\/robertsmyka.pl\/wypadyiwyrypy\/wp-content\/uploads\/2014\/10\/Przed-nami-Arjana.jpg\" alt=\"Przed nami Arjana. Foto by Andrzej Cichuniak\" width=\"900\" height=\"600\" data-id=\"1411\" srcset=\"https:\/\/robertsmyka.pl\/wypadyiwyrypy\/wp-content\/uploads\/2014\/10\/Przed-nami-Arjana.jpg 900w, https:\/\/robertsmyka.pl\/wypadyiwyrypy\/wp-content\/uploads\/2014\/10\/Przed-nami-Arjana-300x200.jpg 300w\" sizes=\"auto, (max-width: 900px) 100vw, 900px\" \/><\/a><figcaption class=\"caption wp-caption-text\">Przed nami <strong>Arjana<\/strong>. Foto by Andrzej Cichuniak<\/figcaption><\/figure>\n<p>Po przej\u015bciu g\u00f3rskiej polany( st\u0105d nazwa wzniesienia- Poiana&#8230;) weszli\u015bmy w las. Tu kolejny raz ten sam problem- gdzie jest \u015bcie\u017cka?! Ani \u015bladu. Na szcz\u0119\u015bcie, spostrzegamy g\u0119sto rozmieszczone na pniach znaki szlaku. Kieruj\u0105c si\u0119 nimi schodzimy do\u015b\u0107 stromo przez wsz\u0119dobylsk\u0105 tu buczyn\u0119. Pokonujemy jeszcze jedno wzniesienie &#8211; <strong>Virful Cicilovete<\/strong>&#8211; jak teraz mniemam i schodzimy dalej wyra\u017an\u0105 drog\u0105. Niestety, po wyj\u015bciu z lasu szlak ginie w\u015br\u00f3d pl\u0105taniny \u015bcie\u017cek, dr\u00f3\u017cek, polan i zadrzewie\u0144. Widzimy dok\u0105d mamy i\u015b\u0107, ale kt\u00f3r\u0119dy? Tak na wprost si\u0119 nie da, bowiem na prze\u0142\u0119czy roz\u0142o\u017cy\u0142y si\u0119 zabudowania wioski.<br \/>\n<a style=\"cursor: pointer;\" href=\"https:\/\/webep1.com\/c\/7539\/eafd7dcd50274d808cf306ad?bid=6103b123ce76ed49eae7c03c&amp;r=aHR0cHM6Ly93d3cua3ViZWtjb250aWdvLnBsLw\" target=\"_blank\" rel=\"nofollow noopener\"><img decoding=\"async\" src=\"https:\/\/image.weben1.com\/b\/7539\/39339851-f53b-48db-9575-81e0b9cc95a3.jpg\" \/><\/a><\/p>\n<figure id=\"attachment_1415\" class=\"thumbnail wp-caption aligncenter\" style=\"width: 900px\"><a href=\"https:\/\/robertsmyka.pl\/wypadyiwyrypy\/wp-content\/uploads\/2014\/10\/Poiana-Lunga-w\u015br\u00f3d-tych-polanek-troch\u0119-b\u0142\u0105dzimy.jpg\"><img loading=\"lazy\" decoding=\"async\" class=\"size-full wp-image-1415\" src=\"https:\/\/robertsmyka.pl\/wypadyiwyrypy\/wp-content\/uploads\/2014\/10\/Poiana-Lunga-w\u015br\u00f3d-tych-polanek-troch\u0119-b\u0142\u0105dzimy.jpg\" alt=\"Poiana Lunga- w\u015br\u00f3d tych polanek troch\u0119 b\u0142\u0105dzimy foto by Robert Kmie\u0107. \" width=\"900\" height=\"600\" data-id=\"1415\" srcset=\"https:\/\/robertsmyka.pl\/wypadyiwyrypy\/wp-content\/uploads\/2014\/10\/Poiana-Lunga-w\u015br\u00f3d-tych-polanek-troch\u0119-b\u0142\u0105dzimy.jpg 900w, https:\/\/robertsmyka.pl\/wypadyiwyrypy\/wp-content\/uploads\/2014\/10\/Poiana-Lunga-w\u015br\u00f3d-tych-polanek-troch\u0119-b\u0142\u0105dzimy-300x200.jpg 300w\" sizes=\"auto, (max-width: 900px) 100vw, 900px\" \/><\/a><figcaption class=\"caption wp-caption-text\"><strong>Poiana Lunga<\/strong>&#8211; w\u015br\u00f3d tych polanek troch\u0119 b\u0142\u0105dzimy foto by Robert Kmie\u0107.<\/figcaption><\/figure>\n<p>&nbsp;<\/p>\n<p><!-- START ADVERTISER: AliExpress PL from awin.com --><\/p>\n<p><a href=\"https:\/\/www.awin1.com\/cread.php?s=2629099&amp;v=12044&amp;q=388258&amp;r=345923\"><img decoding=\"async\" class=\"alignleft\" src=\"https:\/\/www.awin1.com\/cshow.php?s=2629099&amp;v=12044&amp;q=388258&amp;r=345923\" border=\"0\" \/><!-- END ADVERTISER: AliExpress PL from awin.com --><br \/>\n<\/a>Idziemy &#8222;na czuja&#8221; rozgl\u0105daj\u0105c si\u0119 za dogodnym miejscem na popas- czas na obiad. \ud83d\ude00 W odpowiednim, zacisznym i <strong>zacienionym<\/strong> miejscu zrzucamy plecaki, wyci\u0105gamy kuchenki i wiktua\u0142y, gotujemy, jemy, gadamy itp.- tak sp\u0119dzamy niemal trzy godziny wczesnym popo\u0142udniem. Arjana wyra\u017anie rysuje si\u0119 nam przed oczami. Oko\u0142o 16- czas w drog\u0119. Przechodzimy obok gospodarstwa z gro\u017anym psem, gdzie znajdujemy ponownie znak szlaku &#8211; JEDEN. Zwa\u017cywszy, \u017ce droga prowadzi poprzecznie do naszego celu- <strong>Arjany<\/strong>, zatrzymujemy si\u0119, aby na lekko poszuka\u0107 dalszych znak\u00f3w. \u00a0Woda zosta\u0142a zu\u017cyta podczas obiadu to przy okazji rozgl\u0105dam si\u0119 za \u017ar\u00f3d\u0142em. Rozmieszczenie dom\u00f3w i doliny wyra\u017anie wskazywa\u0142o gdzie jest woda, tote\u017c wkr\u00f3tce znalaz\u0142em tryskaj\u0105cy spod stok\u00f3w g\u00f3ry czysty zdr\u00f3j. Szlaku jednak nikt z nas nie znajduje. Postanawiamy nocowa\u0107 z tej strony Arjany. Drog\u0105 pow\u0119drowali\u015bmy w lewo, aby po kilkuset metrach skr\u0119ci\u0107 na pokryte trawami \u00a0po\u0142udniowe, \u0142agodne stoki masywu <strong>Arjana<\/strong>. Tu znale\u017alismy par\u0119 metr\u00f3w niemal p\u0142askiego pod\u0142o\u017ca. \ud83d\ude09<\/p>\n<figure id=\"attachment_1423\" class=\"thumbnail wp-caption aligncenter\" style=\"width: 900px\"><a href=\"https:\/\/robertsmyka.pl\/wypadyiwyrypy\/wp-content\/uploads\/2014\/10\/Stoki-Arjany-nasz-biwak.jpg\"><img loading=\"lazy\" decoding=\"async\" class=\"size-full wp-image-1423\" src=\"https:\/\/robertsmyka.pl\/wypadyiwyrypy\/wp-content\/uploads\/2014\/10\/Stoki-Arjany-nasz-biwak.jpg\" alt=\"Stoki Arjany- nasz biwak\" width=\"900\" height=\"600\" data-id=\"1423\" srcset=\"https:\/\/robertsmyka.pl\/wypadyiwyrypy\/wp-content\/uploads\/2014\/10\/Stoki-Arjany-nasz-biwak.jpg 900w, https:\/\/robertsmyka.pl\/wypadyiwyrypy\/wp-content\/uploads\/2014\/10\/Stoki-Arjany-nasz-biwak-300x200.jpg 300w\" sizes=\"auto, (max-width: 900px) 100vw, 900px\" \/><\/a><figcaption class=\"caption wp-caption-text\">Stoki Arjany- nasz biwak. foto by Andrzej Cichuniak<\/figcaption><\/figure>\n<p>&nbsp;<\/p>\n<p>Nocujemy na tych ma\u0142ych, trawiastych plaforemkach, wiedz\u0105c, \u017ce gdzie\u015b w pobli\u017cu przebiega szlak- jutro go znajdziemy. Po kolacji \u015bpimy w namiotach w\u015br\u00f3d ha\u0142asuj\u0105cych i obijaj\u0105cych si\u0119 o tropik owad\u00f3w. Jest ciep\u0142o, tylko wiatr silniejszy ni\u017c poprzednimi nocami.<\/p>\n<p>Zobacz<a href=\"https:\/\/robertsmyka.pl\/wypadyiwyrypy\/galeria-2\/\"> galeri\u0119 zdj\u0119\u0107 z wyprawy<\/a><\/p>\n","protected":false},"excerpt":{"rendered":"<p>&nbsp; Culmea Mare Wsta\u0142em o 5.40- zgodnie z wczorajszym planem. Tradycyjnie sporo czasu zaj\u0119\u0142o mi &#8222;dochodzenie do siebie&#8221;. Wczesnym rankiem bywam jakis taki niewyra\u017any. \ud83d\ude09 Na szcz\u0119\u015bcie poranny ch\u0142odek przywr\u00f3ci\u0142 mi przytomno\u015b\u0107. Nie mia\u0142em jeszcze do\u015bwiadczenia biwakowego, tote\u017c kolejno\u015b\u0107 porannych &hellip; <a href=\"https:\/\/robertsmyka.pl\/wypadyiwyrypy\/przed-nami-arjana\/\">Continued<\/a><\/p>\n","protected":false},"author":1,"featured_media":1437,"comment_status":"open","ping_status":"open","sticky":false,"template":"","format":"standard","meta":{"footnotes":""},"categories":[1,91,50,2,61,115,93],"tags":[107,144,103,94,106,95,96,145,97,105,102],"class_list":["post-1355","post","type-post","status-publish","format-standard","has-post-thumbnail","hentry","category-blog","category-cernei","category-europa","category-featured","category-karpaty-poludniowe-rumunia","category-rumunia","category-trekking","tag-backpacking","tag-cernei","tag-fotografie","tag-gory","tag-hiking","tag-karpaty-2","tag-karpaty-poludniowe","tag-rumunia","tag-trekking-2","tag-wyrypa","tag-zdjecia"],"_links":{"self":[{"href":"https:\/\/robertsmyka.pl\/wypadyiwyrypy\/wp-json\/wp\/v2\/posts\/1355","targetHints":{"allow":["GET"]}}],"collection":[{"href":"https:\/\/robertsmyka.pl\/wypadyiwyrypy\/wp-json\/wp\/v2\/posts"}],"about":[{"href":"https:\/\/robertsmyka.pl\/wypadyiwyrypy\/wp-json\/wp\/v2\/types\/post"}],"author":[{"embeddable":true,"href":"https:\/\/robertsmyka.pl\/wypadyiwyrypy\/wp-json\/wp\/v2\/users\/1"}],"replies":[{"embeddable":true,"href":"https:\/\/robertsmyka.pl\/wypadyiwyrypy\/wp-json\/wp\/v2\/comments?post=1355"}],"version-history":[{"count":165,"href":"https:\/\/robertsmyka.pl\/wypadyiwyrypy\/wp-json\/wp\/v2\/posts\/1355\/revisions"}],"predecessor-version":[{"id":2776,"href":"https:\/\/robertsmyka.pl\/wypadyiwyrypy\/wp-json\/wp\/v2\/posts\/1355\/revisions\/2776"}],"wp:featuredmedia":[{"embeddable":true,"href":"https:\/\/robertsmyka.pl\/wypadyiwyrypy\/wp-json\/wp\/v2\/media\/1437"}],"wp:attachment":[{"href":"https:\/\/robertsmyka.pl\/wypadyiwyrypy\/wp-json\/wp\/v2\/media?parent=1355"}],"wp:term":[{"taxonomy":"category","embeddable":true,"href":"https:\/\/robertsmyka.pl\/wypadyiwyrypy\/wp-json\/wp\/v2\/categories?post=1355"},{"taxonomy":"post_tag","embeddable":true,"href":"https:\/\/robertsmyka.pl\/wypadyiwyrypy\/wp-json\/wp\/v2\/tags?post=1355"}],"curies":[{"name":"wp","href":"https:\/\/api.w.org\/{rel}","templated":true}]}}