{"id":1266,"date":"2014-09-24T12:50:33","date_gmt":"2014-09-24T10:50:33","guid":{"rendered":"http:\/\/robertsmyka.pl\/wypadyiwyrypy\/?p=1266"},"modified":"2023-11-22T21:01:44","modified_gmt":"2023-11-22T20:01:44","slug":"grzbietem-cernei-poiana-cu-peri","status":"publish","type":"post","link":"https:\/\/robertsmyka.pl\/wypadyiwyrypy\/grzbietem-cernei-poiana-cu-peri\/","title":{"rendered":"Grzbietem Cernei z Poiana cu Peri"},"content":{"rendered":"<p>( o poprzednim dniu czytaj <a href=\"https:\/\/robertsmyka.pl\/wypadyiwyrypy\/z-baile-herculane-na-grzbiet-cernei\/\">tu<\/a>)<\/p>\n<figure id=\"attachment_1453\" class=\"thumbnail wp-caption aligncenter\" style=\"width: 900px\"><a href=\"https:\/\/robertsmyka.pl\/wypadyiwyrypy\/wp-content\/uploads\/2014\/10\/Nasz-biwak-na-Poiana-cu-Peri.jpg\"><img loading=\"lazy\" decoding=\"async\" class=\"size-full wp-image-1453\" src=\"https:\/\/robertsmyka.pl\/wypadyiwyrypy\/wp-content\/uploads\/2014\/10\/Nasz-biwak-na-Poiana-cu-Peri.jpg\" alt=\"Nasz biwak na Poiana cu Peri, foto by Andrzej Cichuniak\" width=\"900\" height=\"600\" data-id=\"1453\" srcset=\"https:\/\/robertsmyka.pl\/wypadyiwyrypy\/wp-content\/uploads\/2014\/10\/Nasz-biwak-na-Poiana-cu-Peri.jpg 900w, https:\/\/robertsmyka.pl\/wypadyiwyrypy\/wp-content\/uploads\/2014\/10\/Nasz-biwak-na-Poiana-cu-Peri-300x200.jpg 300w\" sizes=\"auto, (max-width: 900px) 100vw, 900px\" \/><\/a><figcaption class=\"caption wp-caption-text\">Nasz biwak na Poiana cu Peri, foto by Andrzej Cichuniak<\/figcaption><\/figure>\n<p>&nbsp;<\/p>\n<p><span style=\"color: inherit; font-family: inherit; font-size: 31.5px; font-weight: bold;\">Poranek na polanie<\/span><\/p>\n<p>Wstajemy p\u00f3\u017ano, dopiero oko\u0142o 8-ej. Widocznie wczorajszy popo\u0142udniowy odpoczynek na Poiana cu Peri nie przywr\u00f3ci\u0142 nam si\u0142 po dwudniowej podr\u00f3\u017cy. Mo\u017ce jednak przeciwnie &#8211; rozleniwi\u0142 nas? Jeste\u015bmy jeszcze do\u015b\u0107 nisko, jak na g\u00f3ry, tote\u017c szybko odczuwamy przyjemne ciepe\u0142ko. U\u0142atwia to nam pakowanie oraz przygotowanie posi\u0142ku. Najpierw kr\u00f3tka wycieczka do \u017ar\u00f3de\u0142ka<strong> Izvorul Elizaveta<\/strong> po niezb\u0119dny zapas wody.Moje \u015bniadanie r\u00f3\u017cni si\u0119 od wczorajszego obiadu &#8211; nie jest to liofilizat, lecz mleczno-owocowo-czekoladowo- zbo\u017cowa mieszanka wg w\u0142asnego pomys\u0142u. Taka paciaja, w kt\u00f3rej \u0142y\u017cka sama stoi. \ud83d\ude00 Niemniej spe\u0142nia swoj\u0105\u00a0funkcj\u0119- \u00a0jest po\u017cywna. Posi\u0142ek uzupe\u0142nia konieczna herbatka oraz\u00a0resztki prowiantu &#8222;na drog\u0119&#8221;- sucha kie\u0142basa i kilka bu\u0142ek. Tymczasem przesta\u0142o by\u0107 przyjemnie cieplutko- zapanowa\u0142 bezlitosny upa\u0142 co zmobilizowa\u0142o nas do kolejnych odwiedzin \u017ar\u00f3de\u0142ka, aby nape\u0142ni\u0107 nasze &#8211; puste ju\u017c &#8211; \u00a0butelki po rumu\u0144skiej wodzie mineralnej.<\/p>\n<p>&nbsp;<\/p>\n<figure id=\"attachment_1462\" class=\"thumbnail wp-caption aligncenter\" style=\"width: 870px\"><a href=\"https:\/\/robertsmyka.pl\/wypadyiwyrypy\/wp-content\/uploads\/2014\/10\/Poiana-cu-Peri-rankiem.jpg\"><img loading=\"lazy\" decoding=\"async\" class=\"size-full wp-image-1462\" src=\"https:\/\/robertsmyka.pl\/wypadyiwyrypy\/wp-content\/uploads\/2014\/10\/Poiana-cu-Peri-rankiem.jpg\" alt=\"Poiana cu Peri rankiem photo by Robert Kmie\u0107\" width=\"870\" height=\"598\" data-id=\"1462\" srcset=\"https:\/\/robertsmyka.pl\/wypadyiwyrypy\/wp-content\/uploads\/2014\/10\/Poiana-cu-Peri-rankiem.jpg 870w, https:\/\/robertsmyka.pl\/wypadyiwyrypy\/wp-content\/uploads\/2014\/10\/Poiana-cu-Peri-rankiem-300x206.jpg 300w\" sizes=\"auto, (max-width: 870px) 100vw, 870px\" \/><\/a><figcaption class=\"caption wp-caption-text\">Poiana cu Peri rankiem photo by Robert Kmie\u0107<\/figcaption><\/figure>\n<p>Pami\u0119taj\u0105c jak wczoraj si\u0119 niemal gotowali\u015bmy w naszych d\u0142ugich spodniach, odpinamy nogawki, ciesz\u0105c si\u0119, \u017ce dzi\u015b pow\u0119drujemy komfortowo. Jak\u017ce si\u0119 mylili\u015bmy&#8230;<\/p>\n<p>Jeszcze tylko sprawdzamy czy wszystko spakowane i oko\u0142o godziny 11 ruszamy grzbietem <strong>Cernei<\/strong> z <strong>Poiana cu Per<\/strong>i na p\u00f3\u0142noc.<script type=\"text\/javascript\">\nvar uri = 'https:\/\/imppl.tradedoubler.com\/imp?type(img)g(25536058)a(2548332)' + new String (Math.random()).substring (2, 11);\ndocument.write('<a href=\"https:\/\/clk.tradedoubler.com\/click?p=288386&#038;a=2548332&#038;g=25536058\" target=\"_BLANK\"><img decoding=\"async\" src=\"'+uri+'\" border=0\/><\/a>');\n<\/script><\/p>\n<figure id=\"attachment_1466\" class=\"thumbnail wp-caption alignleft\" style=\"width: 569px\"><a href=\"https:\/\/robertsmyka.pl\/wypadyiwyrypy\/wp-content\/uploads\/2014\/10\/Poiana-cu-Peri-Culmea-Mare.jpg\"><img loading=\"lazy\" decoding=\"async\" class=\"size-full wp-image-1466\" src=\"https:\/\/robertsmyka.pl\/wypadyiwyrypy\/wp-content\/uploads\/2014\/10\/Poiana-cu-Peri-Culmea-Mare.jpg\" alt=\"Trasa Poiana cu Peri - Culmea Mare\" width=\"569\" height=\"619\" data-id=\"1466\" srcset=\"https:\/\/robertsmyka.pl\/wypadyiwyrypy\/wp-content\/uploads\/2014\/10\/Poiana-cu-Peri-Culmea-Mare.jpg 569w, https:\/\/robertsmyka.pl\/wypadyiwyrypy\/wp-content\/uploads\/2014\/10\/Poiana-cu-Peri-Culmea-Mare-275x300.jpg 275w\" sizes=\"auto, (max-width: 569px) 100vw, 569px\" \/><\/a><figcaption class=\"caption wp-caption-text\">Trasa Poiana cu Peri &#8211; Culmea Mare<\/figcaption><\/figure>\n<p>&nbsp;<\/p>\n<h2>Pasterskim szlakiem<\/h2>\n<p>Pocz\u0105tkowo szlak jest ewidentny, cho\u0107 \u015bcie\u017cki ani \u015bladu. Idziemy grzbietem na granicy \u0142\u0105ki i lasu. Od czasu do czasu pokonujemy ma\u0142e, lecz malownicze\u00a0bukowe zagajniki. Gdy tak mozolnie, w\u015br\u00f3d narastaj\u0105cego upa\u0142u pokonujemy przestrze\u0144, s\u0142yszymy szczekanie &#8211; blisko, coraz bli\u017cej. Czujemy si\u0119 niezbyt\u00a0pewnie, bowiem jeszcze przed podr\u00f3\u017c\u0105 ka\u017cdy z nas czyta\u0142 o najwi\u0119kszym niebezpiecze\u0144stwie rumu\u0144skich g\u00f3r- nie, nie o nied\u017awiedziach czy wilkach, lecz o psach pasterskich w\u0142a\u015bnie. Na szcz\u0119scie mijamy stado owiec jako\u015b bokiem nie budz\u0105c wi\u0119kszego zainteresowania czworono\u017cnej stra\u017cy.<\/p>\n<figure id=\"attachment_1451\" class=\"thumbnail wp-caption aligncenter\" style=\"width: 900px\"><a href=\"https:\/\/robertsmyka.pl\/wypadyiwyrypy\/wp-content\/uploads\/2014\/10\/Poiana-cu-Peri-w-Cernei.jpg\"><img loading=\"lazy\" decoding=\"async\" class=\"size-full wp-image-1451\" src=\"https:\/\/robertsmyka.pl\/wypadyiwyrypy\/wp-content\/uploads\/2014\/10\/Poiana-cu-Peri-w-Cernei.jpg\" alt=\"Poiana cu Peri w Cernei foto by Andrzej Cichuniak\" width=\"900\" height=\"600\" data-id=\"1451\" srcset=\"https:\/\/robertsmyka.pl\/wypadyiwyrypy\/wp-content\/uploads\/2014\/10\/Poiana-cu-Peri-w-Cernei.jpg 900w, https:\/\/robertsmyka.pl\/wypadyiwyrypy\/wp-content\/uploads\/2014\/10\/Poiana-cu-Peri-w-Cernei-300x200.jpg 300w\" sizes=\"auto, (max-width: 900px) 100vw, 900px\" \/><\/a><figcaption class=\"caption wp-caption-text\">Poiana cu Peri w Cernei foto by Andrzej Cichuniak<\/figcaption><\/figure>\n<p>Na kolejnej polanie znajdujemy nasz pierwszy rumu\u0144ski sza\u0142as. Pasterskie tradycje- to jest to, po co warto przyjecha\u0107 w\u00a0<strong>Karpaty Po\u0142udniowe<\/strong>. Niestety, nie mo\u017cemy go obejrze\u0107 dok\u0142adniej, gdy\u017c\u00a0jest zamkni\u0119ty i ogrodzony. Jednak <em>Robert<\/em> znalaz\u0142 luk\u0119 w\u015br\u00f3d sztachet i d\u0142ugo ogl\u0105da\u0142- chyba rozwa\u017ca czy warto zosta\u0107 pasterzem. \ud83d\ude09<\/p>\n<figure id=\"attachment_1460\" class=\"thumbnail wp-caption aligncenter\" style=\"width: 882px\"><a href=\"https:\/\/robertsmyka.pl\/wypadyiwyrypy\/wp-content\/uploads\/2014\/10\/Robert-bada-sza\u0142as-przed-zakupem-.jpg\"><img loading=\"lazy\" decoding=\"async\" class=\"size-full wp-image-1460\" src=\"https:\/\/robertsmyka.pl\/wypadyiwyrypy\/wp-content\/uploads\/2014\/10\/Robert-bada-sza\u0142as-przed-zakupem-.jpg\" alt=\"Sza\u0142as na polanie w g\u00f3rach Cernei\" width=\"882\" height=\"598\" data-id=\"1460\" srcset=\"https:\/\/robertsmyka.pl\/wypadyiwyrypy\/wp-content\/uploads\/2014\/10\/Robert-bada-sza\u0142as-przed-zakupem-.jpg 882w, https:\/\/robertsmyka.pl\/wypadyiwyrypy\/wp-content\/uploads\/2014\/10\/Robert-bada-sza\u0142as-przed-zakupem--300x203.jpg 300w\" sizes=\"auto, (max-width: 882px) 100vw, 882px\" \/><\/a><figcaption class=\"caption wp-caption-text\">Robert bada sza\u0142as przed zakupem \ud83d\ude09<\/figcaption><\/figure>\n<div id=\"d40e45be-635b-4960-ae35-ad319a4ed638\"><\/div>\n<p><script src=\"https:\/\/service.weben1.com\/widget_d40e45be-635b-4960-ae35-ad319a4ed638.js\"><\/script><\/p>\n<p><span style=\"color: inherit; font-family: inherit; font-size: 31.5px; font-weight: bold;\">Zagubieni<\/span><\/p>\n<p>Tu\u017c za sza\u0142asem spotyka nas mi\u0142a niespodzianka &#8211; porz\u0105dna, wyra\u017ana polna droga wiod\u0105ca prosto tam gdzie w\u0119drujemy. \u00a0Idziemy spokojnie ufaj\u0105c szlakowi&#8230;w\u0142a\u015bnie, kto ostatnio widzia\u0142 znaki?! By\u0142y, by\u0142y co dopiero- kto\u015b odpowiada- czerwony pasek albo kwadrat. Ok -w\u0119drujemy dalej lekko skr\u0119caj\u0105c w lewo, i ponownie w lewo i&#8230;.zaraz, zaraz, ta droga \u00a0ju\u017c nie zas\u0142uguje na okre\u015blenie &#8222;grzbietowa&#8221;- czy na pewno poprowadzi nas do celu? Zrzucamy plecaki, na lekko rozchodzimy si\u0119 w r\u00f3\u017cne strony- koledzy do ty\u0142u i na boki, a ja zmierzam dalej drog\u0105 sprawdzi\u0107 dok\u0105d wiedzie. Po przej\u015bciu kilkuset metr\u00f3w ju\u017c wiem, \u017ce:<\/p>\n<p>1 nie ma znak\u00f3w szlaku<\/p>\n<p>2 droga biegnie poprzecznie do grzbietu i<\/p>\n<p>3 schodzi coraz mocniej w d\u00f3l<\/p>\n<p>Wniosek: to nie nasz szlak. Wracam ciekawy &#8222;odkry\u0107&#8221; koleg\u00f3w.<\/p>\n<p>Okaza\u0142o si\u0119, \u017ce <em>Cichy<\/em> znalaz\u0142 oznakowany szlak -wida\u0107 go wyra\u017anie na jednym z drzew. Mi\u0119dzy drzewami widnieje\u00a0luka\u00a0b\u0119d\u0105ca ostatnim \u015bladem dawnej \u015bcie\u017cki. Niestety, ostatni turysta przemierza\u0142 t\u0119 tras\u0119 za cesarza <em>Franciszka J\u00f3zefa<\/em>, nie p\u00f3\u017aniej\u00a0&#8211; przynajmniej na to wskazuje jej stan- zaro\u015bni\u0119cie utrudniaj\u0105cymi marsz krzaczorami.\u00a0Nie mamy jednak w\u0105tpliwo\u015bci, \u017ce to w\u0142a\u015bciwy kierunek, wiedzie bowiem nieco zw\u0119\u017caj\u0105cym si\u0119 na tym odcinku grzbietem. Wchodzimy \u015bmia\u0142o w ten g\u0105szcz i&#8230;ju\u017c po chwili \u017ca\u0142ujemy naszej beztroski- mieszanina pokrzyw i je\u017cyn pocz\u0119\u0142a \u0142agodnie masowa\u0107 nasze go\u0142e \u0142ydki i uda. \ud83d\ude09 Przecie\u017c\u00a0jeste\u015bmy tu\u017c nad s\u0142ynnym swego czasu kurortem- <strong>Herkulesbad<\/strong>.\u00a0\ud83d\ude00\u00a0Do\u015b\u0107 \u017cart\u00f3w- tak naprawd\u0119, to\u00a0\u017cadne\u00a0masowanie, lecz tortura. Nogi mamy poorane i pokryte b\u0105blami. Wniosek na kolejne dni: p\u00f3ki nie wkroczymy w pi\u0119tro hal, zak\u0142adamy spodnie cho\u0107by\u015bmy si\u0119 mieli ugotowa\u0107.\u00a0 Na szcz\u0119\u015bcie krzewiasta d\u017cungla ustapi\u0142a miejsca szerokiej \u015bcie\u017cce przez malownicz\u0105 buczyn\u0119, aby po chwili wyprowadzi\u0107 nas na widokow\u0105 polan\u0119 na prze\u0142\u0119czy.<\/p>\n<p><a href=\"https:\/\/robertsmyka.pl\/wypadyiwyrypy\/wp-content\/uploads\/2014\/10\/Widok-z-Cernei-na-Mehedinti.jpg\"><img loading=\"lazy\" decoding=\"async\" class=\"aligncenter wp-image-1464 size-full\" src=\"https:\/\/robertsmyka.pl\/wypadyiwyrypy\/wp-content\/uploads\/2014\/10\/Widok-z-Cernei-na-Mehedinti.jpg\" alt=\"Widok z Cernei na Mehedinti\" width=\"900\" height=\"600\" data-id=\"1464\" srcset=\"https:\/\/robertsmyka.pl\/wypadyiwyrypy\/wp-content\/uploads\/2014\/10\/Widok-z-Cernei-na-Mehedinti.jpg 900w, https:\/\/robertsmyka.pl\/wypadyiwyrypy\/wp-content\/uploads\/2014\/10\/Widok-z-Cernei-na-Mehedinti-300x200.jpg 300w\" sizes=\"auto, (max-width: 900px) 100vw, 900px\" \/><\/a><\/p>\n<p>Widok z Cernei na Mehedinti<\/p>\n<h2>Popas w po\u0142udnie<\/h2>\n<p>Zm\u0119czeni, spragnieni, g\u0142odni i ugotowani s\u0142onecznym \u017carem zatrzymujemy si\u0119 w cieniu na obiadowy popas. Z powodu wcze\u015bniejszych poszukiwa\u0144 szlaku czynimy to dopiero o 14. Za p\u00f3\u017ano- w\u0119drowali\u015bmy w najwi\u0119kszym upale,a przecie\u017c wczoraj ustalili\u015bmy, \u017ce w tej temperaturze robimy przerw\u0119 oko\u0142o po\u0142udnia. W butelkach mamy jeszcze sporo zapasu wody, tote\u017c pozostaje nam tylko w\u0142\u0105czy\u0107\u00a0nasze gazowe kuchenki, a p\u00f3\u017aniej zala\u0107 wrz\u0105tkiem nasze specja\u0142y. Koledzy preferuj\u0105 jakie\u015b chi\u0144skie zupki, makarony oraz dania w\u0142asnego pomys\u0142u, ja natomiast, tradycyjnie przyrz\u0105dzam prawdziwe danie z liofilizatu- jaki\u015b strogonov czy risotto z kurczakiem. \ud83d\ude00 Popijam herbat\u0105, a p\u00f3\u017aniej poprawiam smak czerwonym barszczem z torebki.<\/p>\n<p>&nbsp;<\/p>\n<figure id=\"attachment_1449\" class=\"thumbnail wp-caption aligncenter\" style=\"width: 900px\"><a href=\"https:\/\/robertsmyka.pl\/wypadyiwyrypy\/wp-content\/uploads\/2014\/10\/Przerwa-obiadowa-w-Cernei.jpg\"><img loading=\"lazy\" decoding=\"async\" class=\"size-full wp-image-1449\" src=\"https:\/\/robertsmyka.pl\/wypadyiwyrypy\/wp-content\/uploads\/2014\/10\/Przerwa-obiadowa-w-Cernei.jpg\" alt=\"Przerwa obiadowa w Cernei, foto by Andrzej Cichuniak\" width=\"900\" height=\"600\" data-id=\"1449\" srcset=\"https:\/\/robertsmyka.pl\/wypadyiwyrypy\/wp-content\/uploads\/2014\/10\/Przerwa-obiadowa-w-Cernei.jpg 900w, https:\/\/robertsmyka.pl\/wypadyiwyrypy\/wp-content\/uploads\/2014\/10\/Przerwa-obiadowa-w-Cernei-300x200.jpg 300w\" sizes=\"auto, (max-width: 900px) 100vw, 900px\" \/><\/a><figcaption class=\"caption wp-caption-text\">Przerwa obiadowa w Cernei, foto by Andrzej Cichuniak<\/figcaption><\/figure>\n<p><a style=\"cursor: pointer;\" href=\"https:\/\/webep1.com\/c\/11820\/eafd7dcd50274d808cf306ad?bid=5d7fd0d9cb8ab618547caccf&amp;r=aHR0cHM6Ly90cmFtcDQucGwvbWV6Y3p5em5hL2J1dHkvdHJla2tpbmdvd2UvbWVycmVsbC5odG1s\" target=\"_blank\" rel=\"noopener noreferrer\"><img decoding=\"async\" class=\"alignleft\" src=\"https:\/\/image.weben1.com\/b\/11820\/6e3daea6-7cf1-41b1-b205-74de208afe4b.jpg\" \/><\/a>Mniam, mniam- brzuchol pe\u0142ny, czas na relaks: rozmowy, p\u00f3\u0142drzemka w cieniu, sesje foto na polanie, ogl\u0105danie okolicznej panoramy &#8211; tak schodzi nam ponad godzina. Jeszcze tylko ustalamy czy i\u015b\u0107 dalej czy mo\u017ce ju\u017c tu zanocowa\u0107&#8230;<\/p>\n<figure id=\"attachment_1264\" class=\"thumbnail wp-caption aligncenter\" style=\"width: 900px\"><a href=\"https:\/\/robertsmyka.pl\/wypadyiwyrypy\/wp-content\/uploads\/2014\/09\/przerwa-obiadowa-w-cernei-1.jpg\"><img loading=\"lazy\" decoding=\"async\" class=\"size-full wp-image-1264\" src=\"https:\/\/robertsmyka.pl\/wypadyiwyrypy\/wp-content\/uploads\/2014\/09\/przerwa-obiadowa-w-cernei-1.jpg\" alt=\"Przerwa obiadowa\" width=\"900\" height=\"600\" data-id=\"1264\" srcset=\"https:\/\/robertsmyka.pl\/wypadyiwyrypy\/wp-content\/uploads\/2014\/09\/przerwa-obiadowa-w-cernei-1.jpg 900w, https:\/\/robertsmyka.pl\/wypadyiwyrypy\/wp-content\/uploads\/2014\/09\/przerwa-obiadowa-w-cernei-1-300x200.jpg 300w\" sizes=\"auto, (max-width: 900px) 100vw, 900px\" \/><\/a><figcaption class=\"caption wp-caption-text\">Przerwa obiadowa<\/figcaption><\/figure>\n<h2>Wy\u017cej, wy\u017cej, mi\u0142y bracie&#8230;<\/h2>\n<p>&nbsp;<\/p>\n<p>Idziemy! Mamy sporo si\u0142 oraz nadziej\u0119, \u017ce trafi si\u0119 kolejna polanka z niedalekim \u017ar\u00f3de\u0142kiem. Sprawdzamy jeszcze okolic\u0119\u00a0na szkicu- jeste\u015bmy gdzie\u015b pomi\u0119dzy <strong>7 Izvoare<\/strong> a <strong>Valea Bolvasnita<\/strong>. Przed nami kr\u00f3tki odcinek ostrzejszego podej\u015bcia.<\/p>\n<figure id=\"attachment_1137\" class=\"thumbnail wp-caption aligncenter\" style=\"width: 900px\"><a href=\"https:\/\/robertsmyka.pl\/wypadyiwyrypy\/wp-content\/uploads\/2014\/09\/ja-w-cernei-1.jpg\"><img loading=\"lazy\" decoding=\"async\" class=\"wp-image-1137 size-full\" src=\"https:\/\/robertsmyka.pl\/wypadyiwyrypy\/wp-content\/uploads\/2014\/09\/ja-w-cernei-1.jpg\" alt=\"Ja na grzbiecie Cernei\" width=\"900\" height=\"600\" data-id=\"1137\" srcset=\"https:\/\/robertsmyka.pl\/wypadyiwyrypy\/wp-content\/uploads\/2014\/09\/ja-w-cernei-1.jpg 900w, https:\/\/robertsmyka.pl\/wypadyiwyrypy\/wp-content\/uploads\/2014\/09\/ja-w-cernei-1-300x200.jpg 300w\" sizes=\"auto, (max-width: 900px) 100vw, 900px\" \/><\/a><figcaption class=\"caption wp-caption-text\">Ja na grzbiecie Cernei<\/figcaption><\/figure>\n<p>&nbsp;<\/p>\n<p>Kluczymy w\u015br\u00f3d poskr\u0119canych buk\u00f3w wznosz\u0105c si\u0119 wreszcie na g\u00f3rskie wysoko\u015bci, cho\u0107 do 1000 m n.p.m. nadal sporo brakuje. Pomagaj\u0105 nam z rzadka pomalowane na pniach znaki szlaku. Podej\u015bcie kr\u00f3tkie i niezbyt strome, ale\u00a0chcemy ju\u017c znale\u017a\u0107 nieco p\u0142askiej powierzchni na biwak. Wreszcie st\u0105pamy po w\u0105skim, lekko sfalowanym grzbiecie, wypatruj\u0105c\u00a0\u015bwiat\u0142a mi\u0119dzy drzewami &#8211; cho\u0107by ma\u0142ej polanki. Wreszcie jest &#8211; male\u0144ka, pokryta wysok\u0105 traw\u0105 z rozrzuconymi gdzieniegdzie kamieniami oraz kopczykiem g\u0142az\u00f3w przy granicy lasu. Zapewne kto\u015b, kiedy\u015b &#8222;sprz\u0105ta\u0142&#8221; polan\u0119 usuwaj\u0105c co wi\u0119ksze kamienie. Dla nas to dobrze, bo \u0142atwiej znale\u017a\u0107 mi\u0119kkie miejsce na namioty.<\/p>\n<p><!-- START ADVERTISER: La Redoute PL from awin.com --><\/p>\n<p>&nbsp;<\/p>\n<h2>Wiecz\u00f3r na grzbiecie<\/h2>\n<p><!-- START ADVERTISER: AliExpress PL from awin.com --><\/p>\n<p><a href=\"https:\/\/www.awin1.com\/cread.php?s=2629038&amp;v=12044&amp;q=388258&amp;r=345923\"><br \/>\n<img decoding=\"async\" class=\"alignleft\" src=\"https:\/\/www.awin1.com\/cshow.php?s=2629038&amp;v=12044&amp;q=388258&amp;r=345923\" border=\"0\" \/><br \/>\n<\/a><\/p>\n<p><!-- END ADVERTISER: AliExpress PL from awin.com --><br \/>\nJest ko\u0142o 16 &#8211; mamy sporo czasu do wieczora. Zadanie pierwsze- znalezienie \u017ar\u00f3d\u0142a. \u00a0Analiza mapek wskazuje, \u017ce wschodnie stoki s\u0105 strome, a \u017ar\u00f3d\u0142a tryskaja bardzo nisko. Natomiast po zachodniej stronie grzbietu jest kilka stosunkowo p\u0142ytko wci\u0119tych dolinek z wysoko\u00a0zaznaczonymi strumieniami. Co prawda, podczas suchego, gor\u0105cego lata, \u017ar\u00f3d\u0142a wytryskuj\u0105 ni\u017cej, ale id\u0105c wzd\u0142u\u017c dna doliny mamy nadziej\u0119 je znale\u017a\u0107.\u00a0Rozchodzimy si\u0119 zatem- cz\u0119\u015b\u0107 ekipy rusza nieco na p\u00f3\u0142noc, aby zej\u015b\u0107 do du\u017cej biegn\u0105cej na zach\u00f3d doliny, a my\u00a0z <em>Tomkiem<\/em> (?) id\u0105c boczn\u0105 drog\u0105 tu\u017c poni\u017cej grzbietu, cofamy si\u0119 na po\u0142udnie. M\u00f3j nos mi podpowiada, \u017ce taka droga MUSI prowadzi\u0107 do \u017ar\u00f3d\u0142a. Mijamy z prawej pierwsze odga\u0142\u0119zienie sprowadzaj\u0105ce w g\u0142\u0119bok\u0105 dolin\u0119- za g\u0142\u0119bok\u0105, nie chcemy tak nisko szuka\u0107 wody.<\/p>\n<p>Po paru chwilach skr\u0119camy\u00a0na ni to drog\u0119 ni \u015bcie\u017ck\u0119 wyra\u017anie schodz\u0105c\u0105 bocznym grzbietem w d\u00f3\u0142. Dolina na prawo od nas, czyli na p\u00f3\u0142noc szybko si\u0119 pog\u0142\u0119bia- to ta, do kt\u00f3rej w\u0142asnie nie zeszli\u015bmy \u00a0Na szcz\u0119\u015bcie lewa, czyli po\u0142udniowa dolinka\u00a0biegnie niewiele poni\u017cej nas. Gdy tylko drzewa i krzewy si\u0119 przerzedzaj\u0105 schodzimy na jej szerokie, \u0142agodne dno. Niestety &#8211; jest suche. Trzeba sprawdzi\u0107 ni\u017cej. Niedaleko szukali\u015bmy. W\u015br\u00f3d drzew w wielu miejscach s\u0105czy\u0142a si\u0119 woda. Bardziej to by\u0142o podobne do bagienka niz g\u00f3rskiego \u017ar\u00f3d\u0142a, ale na szcz\u0119\u015bcie pasterze zbudowali tu wodop\u00f3j dla owiec.\u00a0Prosto z gruntu do niewielkiego baseniku s\u0105czy\u0142a si\u0119 czysta, \u017ar\u00f3dlana woda. \u015alady kopyt wko\u0142o zniech\u0119ca\u0142y nas jednak do picia na surowo. Nape\u0142niamy\u00a0nasze zbiorniki i ob\u0142adowani jak mu\u0142y wracamy na grzbiet. Tak na zmian\u0119 z kolegami schodzilismy tam jeszcze ze dwa razy. Pami\u0119tam, \u017ce <em>Tomek<\/em> zach\u0119cony czysto\u015bci\u0105 wody zrobi\u0142 sobie pe\u0142n\u0105 prysznicow\u0105 k\u0105piel.<\/p>\n<figure id=\"attachment_1455\" class=\"thumbnail wp-caption aligncenter\" style=\"width: 900px\"><a href=\"https:\/\/robertsmyka.pl\/wypadyiwyrypy\/wp-content\/uploads\/2014\/10\/Gotujemy-kolecj\u0119-na-biwaku-w-Cernei-.jpg\"><img loading=\"lazy\" decoding=\"async\" class=\"size-full wp-image-1455\" src=\"https:\/\/robertsmyka.pl\/wypadyiwyrypy\/wp-content\/uploads\/2014\/10\/Gotujemy-kolecj\u0119-na-biwaku-w-Cernei-.jpg\" alt=\"Gotujemy kolacj\u0119 na biwaku w Cernei fto by Robert Kmie\u0107\" width=\"900\" height=\"600\" data-id=\"1455\" srcset=\"https:\/\/robertsmyka.pl\/wypadyiwyrypy\/wp-content\/uploads\/2014\/10\/Gotujemy-kolecj\u0119-na-biwaku-w-Cernei-.jpg 900w, https:\/\/robertsmyka.pl\/wypadyiwyrypy\/wp-content\/uploads\/2014\/10\/Gotujemy-kolecj\u0119-na-biwaku-w-Cernei--300x200.jpg 300w\" sizes=\"auto, (max-width: 900px) 100vw, 900px\" \/><\/a><figcaption class=\"caption wp-caption-text\">Gotujemy kolacj\u0119 na biwaku w Cernei fto by Robert Kmie\u0107<\/figcaption><\/figure>\n<p>Nadchodz\u0105cy wiecz\u00f3r nastroi\u0142 nas g\u00f3rsko-romantycznie- pozbieralismy suchych ga\u0142\u0119zi, obudowali\u015bmy palenisko kamieniami i rozpalilismy ognisko! \ud83d\ude00 \u00a0Dzisiaj gotujemy na ognisku&#8230;Mimo, \u017ce budowalismy jakie\u015b piecykowe konstrukcje jako\u015b nam to nie wysz\u0142o &#8211; moja woda z manierki przesi\u0105k\u0142a smakiem dymu- w\u0119dzonka w p\u0142ynie. \ud83d\ude00 Ostatecznie kolacja zosta\u0142a przyrz\u0105dzona tradycyjnie na kuchenkach, ale ogie\u0144 i tak sprawi\u0142 nam rado\u015b\u0107. Do\u015b\u0107 d\u0142ugo siedzielismy przy nim rozprawiaj\u0105c o &#8222;naszych g\u00f3rskich sprawach&#8221;. Tym razem \u017cadna burza ani deszcz nam nie przeszkodzi\u0142y. Na koniec ustalamy bardzo wczesn\u0105 pobudk\u0119- ten upa\u0142! &#8211; i do \u015bpiwork\u00f3w.<\/p>\n<p>Zobacz<\/p>\n<div id=\"31cbdc50-c44e-4518-95e4-0e28a850d35d\"><\/div>\n<p><script src=\"https:\/\/service.weben1.com\/widget_31cbdc50-c44e-4518-95e4-0e28a850d35d.js\"><\/script><\/p>\n","protected":false},"excerpt":{"rendered":"<p>( o poprzednim dniu czytaj tu) &nbsp; Poranek na polanie Wstajemy p\u00f3\u017ano, dopiero oko\u0142o 8-ej. Widocznie wczorajszy popo\u0142udniowy odpoczynek na Poiana cu Peri nie przywr\u00f3ci\u0142 nam si\u0142 po dwudniowej podr\u00f3\u017cy. Mo\u017ce jednak przeciwnie &#8211; rozleniwi\u0142 nas? Jeste\u015bmy jeszcze do\u015b\u0107 nisko, &hellip; <a href=\"https:\/\/robertsmyka.pl\/wypadyiwyrypy\/grzbietem-cernei-poiana-cu-peri\/\">Continued<\/a><\/p>\n","protected":false},"author":1,"featured_media":1137,"comment_status":"open","ping_status":"open","sticky":false,"template":"","format":"standard","meta":{"footnotes":""},"categories":[1,91,50,2,61,115,93],"tags":[114,107,144,103,94,106,95,96,143,97,105,102],"class_list":["post-1266","post","type-post","status-publish","format-standard","has-post-thumbnail","hentry","category-blog","category-cernei","category-europa","category-featured","category-karpaty-poludniowe-rumunia","category-rumunia","category-trekking","tag-7-izvoare","tag-backpacking","tag-cernei","tag-fotografie","tag-gory","tag-hiking","tag-karpaty-2","tag-karpaty-poludniowe","tag-rumunia-foto","tag-trekking-2","tag-wyrypa","tag-zdjecia"],"_links":{"self":[{"href":"https:\/\/robertsmyka.pl\/wypadyiwyrypy\/wp-json\/wp\/v2\/posts\/1266","targetHints":{"allow":["GET"]}}],"collection":[{"href":"https:\/\/robertsmyka.pl\/wypadyiwyrypy\/wp-json\/wp\/v2\/posts"}],"about":[{"href":"https:\/\/robertsmyka.pl\/wypadyiwyrypy\/wp-json\/wp\/v2\/types\/post"}],"author":[{"embeddable":true,"href":"https:\/\/robertsmyka.pl\/wypadyiwyrypy\/wp-json\/wp\/v2\/users\/1"}],"replies":[{"embeddable":true,"href":"https:\/\/robertsmyka.pl\/wypadyiwyrypy\/wp-json\/wp\/v2\/comments?post=1266"}],"version-history":[{"count":111,"href":"https:\/\/robertsmyka.pl\/wypadyiwyrypy\/wp-json\/wp\/v2\/posts\/1266\/revisions"}],"predecessor-version":[{"id":2858,"href":"https:\/\/robertsmyka.pl\/wypadyiwyrypy\/wp-json\/wp\/v2\/posts\/1266\/revisions\/2858"}],"wp:featuredmedia":[{"embeddable":true,"href":"https:\/\/robertsmyka.pl\/wypadyiwyrypy\/wp-json\/wp\/v2\/media\/1137"}],"wp:attachment":[{"href":"https:\/\/robertsmyka.pl\/wypadyiwyrypy\/wp-json\/wp\/v2\/media?parent=1266"}],"wp:term":[{"taxonomy":"category","embeddable":true,"href":"https:\/\/robertsmyka.pl\/wypadyiwyrypy\/wp-json\/wp\/v2\/categories?post=1266"},{"taxonomy":"post_tag","embeddable":true,"href":"https:\/\/robertsmyka.pl\/wypadyiwyrypy\/wp-json\/wp\/v2\/tags?post=1266"}],"curies":[{"name":"wp","href":"https:\/\/api.w.org\/{rel}","templated":true}]}}