{"id":1037,"date":"2014-08-26T14:10:13","date_gmt":"2014-08-26T12:10:13","guid":{"rendered":"http:\/\/robertsmyka.pl\/wypadyiwyrypy\/?p=1037"},"modified":"2017-12-20T18:05:02","modified_gmt":"2017-12-20T17:05:02","slug":"galeria-cernei-godeanu","status":"publish","type":"post","link":"https:\/\/robertsmyka.pl\/wypadyiwyrypy\/galeria-cernei-godeanu\/","title":{"rendered":"Cernei i Godeanu &#8211; Galeria"},"content":{"rendered":"<div id=\"kad-wp-gallery26\" class=\"kad-wp-gallery kad-light-wp-gallery clearfix kt-gallery-column-3 rowtight\"><div class=\"tcol-lg-4 tcol-md-4 tcol-sm-4 tcol-xs-6 tcol-ss-12 g_item\"><div class=\"grid_item kad_gallery_fade_in gallery_item\"><a href=\"https:\/\/robertsmyka.pl\/wypadyiwyrypy\/wp-content\/uploads\/2014\/08\/Cichy-myje-garnki-na-biwaku-w-Cernei-2-e1409220883350.jpg\" data-rel=\"lightbox\" class=\"lightboxhover\"><img loading=\"lazy\" decoding=\"async\" src=\"https:\/\/robertsmyka.pl\/wypadyiwyrypy\/wp-content\/uploads\/2014\/08\/Cichy-myje-garnki-na-biwaku-w-Cernei-2-e1409220883350-400x400.jpg\" width=\"400\" height=\"400\" alt=\"Biwak na Poiana cu Peri \"  class=\"light-dropshaddow\"\/><\/a><\/div><\/div><div class=\"tcol-lg-4 tcol-md-4 tcol-sm-4 tcol-xs-6 tcol-ss-12 g_item\"><div class=\"grid_item kad_gallery_fade_in gallery_item\"><a href=\"https:\/\/robertsmyka.pl\/wypadyiwyrypy\/wp-content\/uploads\/2014\/08\/Biwak-w-Cernei-1-e1409220978112.jpg\" data-rel=\"lightbox\" class=\"lightboxhover\"><img loading=\"lazy\" decoding=\"async\" src=\"https:\/\/robertsmyka.pl\/wypadyiwyrypy\/wp-content\/uploads\/2014\/08\/Biwak-w-Cernei-1-e1409220978112-400x400.jpg\" width=\"400\" height=\"400\" alt=\"Biwak na Poiana cu Peri \"  class=\"light-dropshaddow\"\/><\/a><\/div><\/div><div class=\"tcol-lg-4 tcol-md-4 tcol-sm-4 tcol-xs-6 tcol-ss-12 g_item\"><div class=\"grid_item kad_gallery_fade_in gallery_item\"><a href=\"https:\/\/robertsmyka.pl\/wypadyiwyrypy\/wp-content\/uploads\/2014\/08\/Robert-gotuje-kolacj\u0119-na-biwaku-w-Cernei-e1409220633811.jpg\" data-rel=\"lightbox\" class=\"lightboxhover\"><img loading=\"lazy\" decoding=\"async\" src=\"https:\/\/robertsmyka.pl\/wypadyiwyrypy\/wp-content\/uploads\/2014\/08\/Robert-gotuje-kolacj\u0119-na-biwaku-w-Cernei-e1409220633811-400x400.jpg\" width=\"400\" height=\"400\" alt=\"Kolacja na Poiana cu Peri \"  class=\"light-dropshaddow\"\/><\/a><\/div><\/div><div class=\"tcol-lg-4 tcol-md-4 tcol-sm-4 tcol-xs-6 tcol-ss-12 g_item\"><div class=\"grid_item kad_gallery_fade_in gallery_item\"><a href=\"https:\/\/robertsmyka.pl\/wypadyiwyrypy\/wp-content\/uploads\/2014\/08\/Cichy-myje-garnki-na-biwaku-w-Cernei-1-e1409220923876.jpg\" data-rel=\"lightbox\" class=\"lightboxhover\"><img loading=\"lazy\" decoding=\"async\" src=\"https:\/\/robertsmyka.pl\/wypadyiwyrypy\/wp-content\/uploads\/2014\/08\/Cichy-myje-garnki-na-biwaku-w-Cernei-1-e1409220923876-400x400.jpg\" width=\"400\" height=\"400\" alt=\"Biwak na Poiana cu Peri \" srcset=\"https:\/\/robertsmyka.pl\/wypadyiwyrypy\/wp-content\/uploads\/2014\/08\/Cichy-myje-garnki-na-biwaku-w-Cernei-1-e1409220923876-400x400.jpg 400w, https:\/\/robertsmyka.pl\/wypadyiwyrypy\/wp-content\/uploads\/2014\/08\/Cichy-myje-garnki-na-biwaku-w-Cernei-1-e1409220923876-365x365.jpg 365w, https:\/\/robertsmyka.pl\/wypadyiwyrypy\/wp-content\/uploads\/2014\/08\/Cichy-myje-garnki-na-biwaku-w-Cernei-1-e1409220923876-532x532.jpg 532w, https:\/\/robertsmyka.pl\/wypadyiwyrypy\/wp-content\/uploads\/2014\/08\/Cichy-myje-garnki-na-biwaku-w-Cernei-1-e1409220923876-266x266.jpg 266w\" sizes=\"auto, (max-width: 400px) 100vw, 400px\" class=\"light-dropshaddow\"\/><\/a><\/div><\/div><div class=\"tcol-lg-4 tcol-md-4 tcol-sm-4 tcol-xs-6 tcol-ss-12 g_item\"><div class=\"grid_item kad_gallery_fade_in gallery_item\"><a href=\"https:\/\/robertsmyka.pl\/wypadyiwyrypy\/wp-content\/uploads\/2014\/08\/Cernei-Poiana-cu-Peri-e1409317471176.jpg\" data-rel=\"lightbox\" class=\"lightboxhover\"><img loading=\"lazy\" decoding=\"async\" src=\"https:\/\/robertsmyka.pl\/wypadyiwyrypy\/wp-content\/uploads\/2014\/08\/Cernei-Poiana-cu-Peri-e1409317471176-400x400.jpg\" width=\"400\" height=\"400\" alt=\"Poiana cu Peri w g\u00f3rach Cernei\"  class=\"light-dropshaddow\"\/><\/a><\/div><\/div><div class=\"tcol-lg-4 tcol-md-4 tcol-sm-4 tcol-xs-6 tcol-ss-12 g_item\"><div class=\"grid_item kad_gallery_fade_in gallery_item\"><a href=\"https:\/\/robertsmyka.pl\/wypadyiwyrypy\/wp-content\/uploads\/2014\/09\/ja-w-cernei-1.jpg\" data-rel=\"lightbox\" class=\"lightboxhover\"><img loading=\"lazy\" decoding=\"async\" src=\"https:\/\/robertsmyka.pl\/wypadyiwyrypy\/wp-content\/uploads\/2014\/09\/ja-w-cernei-1-400x400.jpg\" width=\"400\" height=\"400\" alt=\"Ja na grzbiecie Cernei\" srcset=\"https:\/\/robertsmyka.pl\/wypadyiwyrypy\/wp-content\/uploads\/2014\/09\/ja-w-cernei-1-400x400.jpg 400w, https:\/\/robertsmyka.pl\/wypadyiwyrypy\/wp-content\/uploads\/2014\/09\/ja-w-cernei-1-150x150.jpg 150w, https:\/\/robertsmyka.pl\/wypadyiwyrypy\/wp-content\/uploads\/2014\/09\/ja-w-cernei-1-365x365.jpg 365w, https:\/\/robertsmyka.pl\/wypadyiwyrypy\/wp-content\/uploads\/2014\/09\/ja-w-cernei-1-532x532.jpg 532w, https:\/\/robertsmyka.pl\/wypadyiwyrypy\/wp-content\/uploads\/2014\/09\/ja-w-cernei-1-266x266.jpg 266w\" sizes=\"auto, (max-width: 400px) 100vw, 400px\" class=\"light-dropshaddow\"\/><\/a><\/div><\/div><div class=\"tcol-lg-4 tcol-md-4 tcol-sm-4 tcol-xs-6 tcol-ss-12 g_item\"><div class=\"grid_item kad_gallery_fade_in gallery_item\"><a href=\"https:\/\/robertsmyka.pl\/wypadyiwyrypy\/wp-content\/uploads\/2014\/09\/przerwa-obiadowa-w-cernei-1.jpg\" data-rel=\"lightbox\" class=\"lightboxhover\"><img loading=\"lazy\" decoding=\"async\" src=\"https:\/\/robertsmyka.pl\/wypadyiwyrypy\/wp-content\/uploads\/2014\/09\/przerwa-obiadowa-w-cernei-1-400x400.jpg\" width=\"400\" height=\"400\" alt=\"Przerwa obiadowa\" srcset=\"https:\/\/robertsmyka.pl\/wypadyiwyrypy\/wp-content\/uploads\/2014\/09\/przerwa-obiadowa-w-cernei-1-400x400.jpg 400w, https:\/\/robertsmyka.pl\/wypadyiwyrypy\/wp-content\/uploads\/2014\/09\/przerwa-obiadowa-w-cernei-1-150x150.jpg 150w\" sizes=\"auto, (max-width: 400px) 100vw, 400px\" class=\"light-dropshaddow\"\/><\/a><\/div><\/div><div class=\"tcol-lg-4 tcol-md-4 tcol-sm-4 tcol-xs-6 tcol-ss-12 g_item\"><div class=\"grid_item kad_gallery_fade_in gallery_item\"><a href=\"https:\/\/robertsmyka.pl\/wypadyiwyrypy\/wp-content\/uploads\/2014\/10\/Widok-z-Cernei-na-Mehedinti.jpg\" data-rel=\"lightbox\" class=\"lightboxhover\"><img loading=\"lazy\" decoding=\"async\" src=\"https:\/\/robertsmyka.pl\/wypadyiwyrypy\/wp-content\/uploads\/2014\/10\/Widok-z-Cernei-na-Mehedinti-400x400.jpg\" width=\"400\" height=\"400\" alt=\"Widok z Cernei na Mehedinti\" srcset=\"https:\/\/robertsmyka.pl\/wypadyiwyrypy\/wp-content\/uploads\/2014\/10\/Widok-z-Cernei-na-Mehedinti-400x400.jpg 400w, https:\/\/robertsmyka.pl\/wypadyiwyrypy\/wp-content\/uploads\/2014\/10\/Widok-z-Cernei-na-Mehedinti-150x150.jpg 150w\" sizes=\"auto, (max-width: 400px) 100vw, 400px\" class=\"light-dropshaddow\"\/><\/a><\/div><\/div><div class=\"tcol-lg-4 tcol-md-4 tcol-sm-4 tcol-xs-6 tcol-ss-12 g_item\"><div class=\"grid_item kad_gallery_fade_in gallery_item\"><a href=\"https:\/\/robertsmyka.pl\/wypadyiwyrypy\/wp-content\/uploads\/2014\/10\/Poiana-cu-Peri-rankiem.jpg\" data-rel=\"lightbox\" class=\"lightboxhover\"><img loading=\"lazy\" decoding=\"async\" src=\"https:\/\/robertsmyka.pl\/wypadyiwyrypy\/wp-content\/uploads\/2014\/10\/Poiana-cu-Peri-rankiem-400x400.jpg\" width=\"400\" height=\"400\" alt=\"Poiana cu Peri rankiem photo by Robert Kmie\u0107\" srcset=\"https:\/\/robertsmyka.pl\/wypadyiwyrypy\/wp-content\/uploads\/2014\/10\/Poiana-cu-Peri-rankiem-400x400.jpg 400w, https:\/\/robertsmyka.pl\/wypadyiwyrypy\/wp-content\/uploads\/2014\/10\/Poiana-cu-Peri-rankiem-150x150.jpg 150w\" sizes=\"auto, (max-width: 400px) 100vw, 400px\" class=\"light-dropshaddow\"\/><\/a><\/div><\/div><div class=\"tcol-lg-4 tcol-md-4 tcol-sm-4 tcol-xs-6 tcol-ss-12 g_item\"><div class=\"grid_item kad_gallery_fade_in gallery_item\"><a href=\"https:\/\/robertsmyka.pl\/wypadyiwyrypy\/wp-content\/uploads\/2014\/10\/Robert-bada-sza\u0142as-przed-zakupem-.jpg\" data-rel=\"lightbox\" class=\"lightboxhover\"><img loading=\"lazy\" decoding=\"async\" src=\"https:\/\/robertsmyka.pl\/wypadyiwyrypy\/wp-content\/uploads\/2014\/10\/Robert-bada-sza\u0142as-przed-zakupem--400x400.jpg\" width=\"400\" height=\"400\" alt=\"Robert bada sza\u0142as przed zakupem ;)\" srcset=\"https:\/\/robertsmyka.pl\/wypadyiwyrypy\/wp-content\/uploads\/2014\/10\/Robert-bada-sza\u0142as-przed-zakupem--400x400.jpg 400w, https:\/\/robertsmyka.pl\/wypadyiwyrypy\/wp-content\/uploads\/2014\/10\/Robert-bada-sza\u0142as-przed-zakupem--150x150.jpg 150w\" sizes=\"auto, (max-width: 400px) 100vw, 400px\" class=\"light-dropshaddow\"\/><\/a><\/div><\/div><div class=\"tcol-lg-4 tcol-md-4 tcol-sm-4 tcol-xs-6 tcol-ss-12 g_item\"><div class=\"grid_item kad_gallery_fade_in gallery_item\"><a href=\"https:\/\/robertsmyka.pl\/wypadyiwyrypy\/wp-content\/uploads\/2014\/10\/koniec-popasu.jpg\" data-rel=\"lightbox\" class=\"lightboxhover\"><img loading=\"lazy\" decoding=\"async\" src=\"https:\/\/robertsmyka.pl\/wypadyiwyrypy\/wp-content\/uploads\/2014\/10\/koniec-popasu-400x400.jpg\" width=\"400\" height=\"400\" alt=\"Koniec popasu\" srcset=\"https:\/\/robertsmyka.pl\/wypadyiwyrypy\/wp-content\/uploads\/2014\/10\/koniec-popasu-400x400.jpg 400w, https:\/\/robertsmyka.pl\/wypadyiwyrypy\/wp-content\/uploads\/2014\/10\/koniec-popasu-150x150.jpg 150w\" sizes=\"auto, (max-width: 400px) 100vw, 400px\" class=\"light-dropshaddow\"\/><\/a><\/div><\/div><div class=\"tcol-lg-4 tcol-md-4 tcol-sm-4 tcol-xs-6 tcol-ss-12 g_item\"><div class=\"grid_item kad_gallery_fade_in gallery_item\"><a href=\"https:\/\/robertsmyka.pl\/wypadyiwyrypy\/wp-content\/uploads\/2014\/10\/Nasz-biwak-na-Poiana-cu-Peri.jpg\" data-rel=\"lightbox\" class=\"lightboxhover\"><img loading=\"lazy\" decoding=\"async\" src=\"https:\/\/robertsmyka.pl\/wypadyiwyrypy\/wp-content\/uploads\/2014\/10\/Nasz-biwak-na-Poiana-cu-Peri-400x400.jpg\" width=\"400\" height=\"400\" alt=\"Nasz biwak na Poiana cu Peri,  foto by Andrzej Cichuniak\" srcset=\"https:\/\/robertsmyka.pl\/wypadyiwyrypy\/wp-content\/uploads\/2014\/10\/Nasz-biwak-na-Poiana-cu-Peri-400x400.jpg 400w, https:\/\/robertsmyka.pl\/wypadyiwyrypy\/wp-content\/uploads\/2014\/10\/Nasz-biwak-na-Poiana-cu-Peri-150x150.jpg 150w\" sizes=\"auto, (max-width: 400px) 100vw, 400px\" class=\"light-dropshaddow\"\/><\/a><\/div><\/div><div class=\"tcol-lg-4 tcol-md-4 tcol-sm-4 tcol-xs-6 tcol-ss-12 g_item\"><div class=\"grid_item kad_gallery_fade_in gallery_item\"><a href=\"https:\/\/robertsmyka.pl\/wypadyiwyrypy\/wp-content\/uploads\/2014\/10\/Widok-na-Mehedinti-z-grzbietu-Cernei-w-rejonie-Culmea-Mare-photo-by-Robert-Kmie\u0107.jpg\" data-rel=\"lightbox\" class=\"lightboxhover\"><img loading=\"lazy\" decoding=\"async\" src=\"https:\/\/robertsmyka.pl\/wypadyiwyrypy\/wp-content\/uploads\/2014\/10\/Widok-na-Mehedinti-z-grzbietu-Cernei-w-rejonie-Culmea-Mare-photo-by-Robert-Kmie\u0107-400x400.jpg\" width=\"400\" height=\"400\" alt=\"Widok na Mehedinti z grzbietu Cernei w rejonie Culmea Mare, photo by Robert Kmie\u0107\" srcset=\"https:\/\/robertsmyka.pl\/wypadyiwyrypy\/wp-content\/uploads\/2014\/10\/Widok-na-Mehedinti-z-grzbietu-Cernei-w-rejonie-Culmea-Mare-photo-by-Robert-Kmie\u0107-400x400.jpg 400w, https:\/\/robertsmyka.pl\/wypadyiwyrypy\/wp-content\/uploads\/2014\/10\/Widok-na-Mehedinti-z-grzbietu-Cernei-w-rejonie-Culmea-Mare-photo-by-Robert-Kmie\u0107-150x150.jpg 150w\" sizes=\"auto, (max-width: 400px) 100vw, 400px\" class=\"light-dropshaddow\"\/><\/a><\/div><\/div><div class=\"tcol-lg-4 tcol-md-4 tcol-sm-4 tcol-xs-6 tcol-ss-12 g_item\"><div class=\"grid_item kad_gallery_fade_in gallery_item\"><a href=\"https:\/\/robertsmyka.pl\/wypadyiwyrypy\/wp-content\/uploads\/2014\/10\/Pod-Cicilovete-e1673812967111.jpg\" data-rel=\"lightbox\" class=\"lightboxhover\"><img loading=\"lazy\" decoding=\"async\" src=\"https:\/\/robertsmyka.pl\/wypadyiwyrypy\/wp-content\/uploads\/2014\/10\/Pod-Cicilovete-e1673812967111.jpg\" width=\"364\" height=\"629\" alt=\"Pod Cicilovete - szukamy szlaku w lesie bukowym\" srcset=\"https:\/\/robertsmyka.pl\/wypadyiwyrypy\/wp-content\/uploads\/2014\/10\/Pod-Cicilovete-e1673812967111.jpg 364w, https:\/\/robertsmyka.pl\/wypadyiwyrypy\/wp-content\/uploads\/2014\/10\/Pod-Cicilovete-e1673812967111-174x300.jpg 174w\" sizes=\"auto, (max-width: 364px) 100vw, 364px\" class=\"light-dropshaddow\"\/><\/a><\/div><\/div><div class=\"tcol-lg-4 tcol-md-4 tcol-sm-4 tcol-xs-6 tcol-ss-12 g_item\"><div class=\"grid_item kad_gallery_fade_in gallery_item\"><a href=\"https:\/\/robertsmyka.pl\/wypadyiwyrypy\/wp-content\/uploads\/2014\/10\/Stokami-Poiana-Cicilovete-e1673812254212.jpg\" data-rel=\"lightbox\" class=\"lightboxhover\"><img loading=\"lazy\" decoding=\"async\" src=\"https:\/\/robertsmyka.pl\/wypadyiwyrypy\/wp-content\/uploads\/2014\/10\/Stokami-Poiana-Cicilovete-e1673812254212.jpg\" width=\"397\" height=\"631\" alt=\"Stokami Poiana Cicilovete foto by Andrzej Cichuniak\" srcset=\"https:\/\/robertsmyka.pl\/wypadyiwyrypy\/wp-content\/uploads\/2014\/10\/Stokami-Poiana-Cicilovete-e1673812254212.jpg 397w, https:\/\/robertsmyka.pl\/wypadyiwyrypy\/wp-content\/uploads\/2014\/10\/Stokami-Poiana-Cicilovete-e1673812254212-189x300.jpg 189w\" sizes=\"auto, (max-width: 397px) 100vw, 397px\" class=\"light-dropshaddow\"\/><\/a><\/div><\/div><div class=\"tcol-lg-4 tcol-md-4 tcol-sm-4 tcol-xs-6 tcol-ss-12 g_item\"><div class=\"grid_item kad_gallery_fade_in gallery_item\"><a href=\"https:\/\/robertsmyka.pl\/wypadyiwyrypy\/wp-content\/uploads\/2014\/10\/Poiana-Cicilovete-widok-na-Mehedinti.jpg\" data-rel=\"lightbox\" class=\"lightboxhover\"><img loading=\"lazy\" decoding=\"async\" src=\"https:\/\/robertsmyka.pl\/wypadyiwyrypy\/wp-content\/uploads\/2014\/10\/Poiana-Cicilovete-widok-na-Mehedinti-400x400.jpg\" width=\"400\" height=\"400\" alt=\"Poiana-Cicilovete-widok-na-Mehedinti\" srcset=\"https:\/\/robertsmyka.pl\/wypadyiwyrypy\/wp-content\/uploads\/2014\/10\/Poiana-Cicilovete-widok-na-Mehedinti-400x400.jpg 400w, https:\/\/robertsmyka.pl\/wypadyiwyrypy\/wp-content\/uploads\/2014\/10\/Poiana-Cicilovete-widok-na-Mehedinti-150x150.jpg 150w\" sizes=\"auto, (max-width: 400px) 100vw, 400px\" class=\"light-dropshaddow\"\/><\/a><\/div><\/div><div class=\"tcol-lg-4 tcol-md-4 tcol-sm-4 tcol-xs-6 tcol-ss-12 g_item\"><div class=\"grid_item kad_gallery_fade_in gallery_item\"><a href=\"https:\/\/robertsmyka.pl\/wypadyiwyrypy\/wp-content\/uploads\/2014\/10\/Poiana-Cicilovete-widok-na-szczyt.jpg\" data-rel=\"lightbox\" class=\"lightboxhover\"><img loading=\"lazy\" decoding=\"async\" src=\"https:\/\/robertsmyka.pl\/wypadyiwyrypy\/wp-content\/uploads\/2014\/10\/Poiana-Cicilovete-widok-na-szczyt-400x400.jpg\" width=\"400\" height=\"400\" alt=\"Poiana Cicilovete- widok na szczyt\" srcset=\"https:\/\/robertsmyka.pl\/wypadyiwyrypy\/wp-content\/uploads\/2014\/10\/Poiana-Cicilovete-widok-na-szczyt-400x400.jpg 400w, https:\/\/robertsmyka.pl\/wypadyiwyrypy\/wp-content\/uploads\/2014\/10\/Poiana-Cicilovete-widok-na-szczyt-150x150.jpg 150w, https:\/\/robertsmyka.pl\/wypadyiwyrypy\/wp-content\/uploads\/2014\/10\/Poiana-Cicilovete-widok-na-szczyt-365x365.jpg 365w, https:\/\/robertsmyka.pl\/wypadyiwyrypy\/wp-content\/uploads\/2014\/10\/Poiana-Cicilovete-widok-na-szczyt-532x532.jpg 532w, https:\/\/robertsmyka.pl\/wypadyiwyrypy\/wp-content\/uploads\/2014\/10\/Poiana-Cicilovete-widok-na-szczyt-266x266.jpg 266w, https:\/\/robertsmyka.pl\/wypadyiwyrypy\/wp-content\/uploads\/2014\/10\/Poiana-Cicilovete-widok-na-szczyt-540x540.jpg 540w, https:\/\/robertsmyka.pl\/wypadyiwyrypy\/wp-content\/uploads\/2014\/10\/Poiana-Cicilovete-widok-na-szczyt-270x270.jpg 270w\" sizes=\"auto, (max-width: 400px) 100vw, 400px\" class=\"light-dropshaddow\"\/><\/a><\/div><\/div><\/div>\n<p>Galeria zdj\u0119\u0107 z wyrypy w Godeanu i Cernei w Karpatach Po\u0142udniowych, Rumunia<\/p>\n","protected":false},"excerpt":{"rendered":"<p>Galeria zdj\u0119\u0107 z wyrypy w Godeanu i Cernei w Karpatach Po\u0142udniowych, Rumunia<\/p>\n","protected":false},"author":1,"featured_media":824,"comment_status":"open","ping_status":"open","sticky":false,"template":"","format":"standard","meta":{"footnotes":""},"categories":[91,50,92,61,3,115,53,93],"tags":[107,144,103,108,101,94,106,95,104,143,97,105,102],"class_list":["post-1037","post","type-post","status-publish","format-standard","has-post-thumbnail","hentry","category-cernei","category-europa","category-godeanu","category-karpaty-poludniowe-rumunia","category-portfolio","category-rumunia","category-rumunia-foto","category-trekking","tag-backpacking","tag-cernei","tag-fotografie","tag-galeria-2","tag-godeanu-2","tag-gory","tag-hiking","tag-karpaty-2","tag-photo","tag-rumunia-foto","tag-trekking-2","tag-wyrypa","tag-zdjecia"],"_links":{"self":[{"href":"https:\/\/robertsmyka.pl\/wypadyiwyrypy\/wp-json\/wp\/v2\/posts\/1037","targetHints":{"allow":["GET"]}}],"collection":[{"href":"https:\/\/robertsmyka.pl\/wypadyiwyrypy\/wp-json\/wp\/v2\/posts"}],"about":[{"href":"https:\/\/robertsmyka.pl\/wypadyiwyrypy\/wp-json\/wp\/v2\/types\/post"}],"author":[{"embeddable":true,"href":"https:\/\/robertsmyka.pl\/wypadyiwyrypy\/wp-json\/wp\/v2\/users\/1"}],"replies":[{"embeddable":true,"href":"https:\/\/robertsmyka.pl\/wypadyiwyrypy\/wp-json\/wp\/v2\/comments?post=1037"}],"version-history":[{"count":17,"href":"https:\/\/robertsmyka.pl\/wypadyiwyrypy\/wp-json\/wp\/v2\/posts\/1037\/revisions"}],"predecessor-version":[{"id":2197,"href":"https:\/\/robertsmyka.pl\/wypadyiwyrypy\/wp-json\/wp\/v2\/posts\/1037\/revisions\/2197"}],"wp:featuredmedia":[{"embeddable":true,"href":"https:\/\/robertsmyka.pl\/wypadyiwyrypy\/wp-json\/wp\/v2\/media\/824"}],"wp:attachment":[{"href":"https:\/\/robertsmyka.pl\/wypadyiwyrypy\/wp-json\/wp\/v2\/media?parent=1037"}],"wp:term":[{"taxonomy":"category","embeddable":true,"href":"https:\/\/robertsmyka.pl\/wypadyiwyrypy\/wp-json\/wp\/v2\/categories?post=1037"},{"taxonomy":"post_tag","embeddable":true,"href":"https:\/\/robertsmyka.pl\/wypadyiwyrypy\/wp-json\/wp\/v2\/tags?post=1037"}],"curies":[{"name":"wp","href":"https:\/\/api.w.org\/{rel}","templated":true}]}}